{"id":134,"date":"2011-05-15T13:08:37","date_gmt":"2011-05-15T17:08:37","guid":{"rendered":"http:\/\/gadprpijili.gob.ec\/azuay2\/?p=134"},"modified":"2022-08-23T17:39:49","modified_gmt":"2022-08-23T21:39:49","slug":"ubicacion-geografica","status":"publish","type":"post","link":"https:\/\/gadprpijili.gob.ec\/azuay2\/ubicacion-geografica\/","title":{"rendered":"Ubicaci\u00f3n  Geogr\u00e1fica"},"content":{"rendered":"<p><span style=\"font-family: georgia, palatino, serif;\"><strong>Ubicaci\u00f3n<\/strong><\/span><\/p>\n<p style=\"text-align: left;\"><span style=\"color: #000000; font-family: georgia, palatino, serif;\">La Parroquia El Carmen de Pijil\u00ed est\u00e1 ubicada en el borde occidental de la\u00a0<a style=\"color: #000000;\" title=\"Cordillera de los Andes\" href=\"https:\/\/es.wikipedia.org\/wiki\/Cordillera_de_los_Andes\">cordillera de los Andes<\/a>, en el oeste de la provincia de Azuay. El pueblo de El Carmen de Pijil\u00ed est\u00e1 ubicado a una altura de 1200 msnm, a 27 km al este-noreste de la capital cantonal\u00a0<a class=\"mw-redirect\" style=\"color: #000000;\" title=\"Camilo Ponce Enr\u00edquez (Azuay)\" href=\"https:\/\/es.wikipedia.org\/wiki\/Camilo_Ponce_Enr%C3%ADquez_(Azuay)\">Camilo Ponce Enr\u00edque<\/a>. Hacia el noreste se levanta el alto\u00a0<a class=\"new\" style=\"color: #000000;\" title=\"Cerro Muyo (a\u00fan no redactado)\" href=\"https:\/\/es.wikipedia.org\/w\/index.php?title=Cerro_Muyo&amp;action=edit&amp;redlink=1\">Cerro Muyo<\/a>\u00a0(3710 msnm). El \u00e1rea se extiende en el oeste hasta las tierras bajas costeras. El\u00a0<a class=\"new\" style=\"color: #000000;\" title=\"R\u00edo La Jagua (a\u00fan no redactado)\" href=\"https:\/\/es.wikipedia.org\/w\/index.php?title=R%C3%ADo_La_Jagua&amp;action=edit&amp;redlink=1\">r\u00edo La Jagua<\/a>, el\u00a0<a class=\"new\" style=\"color: #000000;\" title=\"R\u00edo Balao Grande (a\u00fan no redactado)\" href=\"https:\/\/es.wikipedia.org\/w\/index.php?title=R%C3%ADo_Balao_Grande&amp;action=edit&amp;redlink=1\">r\u00edo Balao Grande<\/a>\u00a0y el\u00a0<a class=\"new\" style=\"color: #000000;\" title=\"R\u00edo Gala (a\u00fan no redactado)\" href=\"https:\/\/es.wikipedia.org\/w\/index.php?title=R%C3%ADo_Gala&amp;action=edit&amp;redlink=1\">r\u00edo Gala<\/a>\u00a0drenan el \u00e1rea al oeste hacia el\u00a0<a style=\"color: #000000;\" title=\"Oc\u00e9ano Pac\u00edfico\" href=\"https:\/\/es.wikipedia.org\/wiki\/Oc%C3%A9ano_Pac%C3%ADfico\">Oc\u00e9ano Pac\u00edfico<\/a>.<\/span><\/p>\n<p><span style=\"color: #000000;\"><b>El Carmen de Pijil\u00ed<\/b>\u00a0es una localidad y\u00a0<a style=\"color: #000000;\" title=\"Parroquias de Ecuador\" href=\"https:\/\/es.wikipedia.org\/wiki\/Parroquias_de_Ecuador\">parroquia<\/a>\u00a0en el\u00a0<a style=\"color: #000000;\" title=\"Cant\u00f3n Camilo Ponce Enr\u00edquez\" href=\"https:\/\/es.wikipedia.org\/wiki\/Cant%C3%B3n_Camilo_Ponce_Enr%C3%ADquez\">Cant\u00f3n Camilo Ponce Enr\u00edquez<\/a>,\u00a0<a style=\"color: #000000;\" title=\"Provincia de Azuay\" href=\"https:\/\/es.wikipedia.org\/wiki\/Provincia_de_Azuay\">Provincia de Azuay<\/a>,\u00a0<a style=\"color: #000000;\" title=\"Ecuador\" href=\"https:\/\/es.wikipedia.org\/wiki\/Ecuador\">Ecuador<\/a>. La parroquia tiene una superficie de 370,52\u00a0km\u00b2 y seg\u00fan el censo ecuatoriano de 2001 ten\u00eda una poblaci\u00f3n total de 4594 habitantes.<sup id=\"cite_ref-Ajupa_2-0\" class=\"reference separada\"><a style=\"color: #000000;\" href=\"https:\/\/es.wikipedia.org\/wiki\/El_Carmen_de_Pijil%C3%AD#cite_note-Ajupa-2\">2<\/a><\/sup>\u200b<\/span><\/p>\n<p><span style=\"color: #000000;\">La Parroquia fue fundada el 13 de marzo de\u00a0<a style=\"color: #000000;\" title=\"1969\" href=\"https:\/\/es.wikipedia.org\/wiki\/1969\">1969<\/a>\u00a0en el\u00a0<a class=\"mw-redirect\" style=\"color: #000000;\" title=\"Cant\u00f3n de Santa Isabel\" href=\"https:\/\/es.wikipedia.org\/wiki\/Cant%C3%B3n_de_Santa_Isabel\">cant\u00f3n de Santa Isabel<\/a>. En 2002 se crea el Cant\u00f3n Camilo Ponce Enr\u00edquez y El Carmen de Pijil\u00ed pasa a formar parte de \u00e9l.<\/span><\/p>\n<p style=\"text-align: left;\"><span style=\"color: #000000; font-family: georgia, palatino, serif;\">La Parroquia El Carmen de Pijil\u00ed limita al norte y al este con las Parroquias\u00a0<a style=\"color: #000000;\" title=\"Molleturo\" href=\"https:\/\/es.wikipedia.org\/wiki\/Molleturo\">Molleturo<\/a>\u00a0y\u00a0<a class=\"mw-redirect\" style=\"color: #000000;\" title=\"Chaucha (parroquia de Cuenca)\" href=\"https:\/\/es.wikipedia.org\/wiki\/Chaucha_(parroquia_de_Cuenca)\">Chaucha<\/a>\u00a0(ambas en el\u00a0<a class=\"mw-redirect\" style=\"color: #000000;\" title=\"Cant\u00f3n de Cuenca\" href=\"https:\/\/es.wikipedia.org\/wiki\/Cant%C3%B3n_de_Cuenca\">cant\u00f3n de Cuenca<\/a>), al sureste con la Parroquia\u00a0<a class=\"new\" style=\"color: #000000;\" title=\"Shaglli (a\u00fan no redactado)\" href=\"https:\/\/es.wikipedia.org\/w\/index.php?title=Shaglli&amp;action=edit&amp;redlink=1\">Shaglli<\/a>\u00a0(<a class=\"mw-redirect\" style=\"color: #000000;\" title=\"Cant\u00f3n de Santa Isabel\" href=\"https:\/\/es.wikipedia.org\/wiki\/Cant%C3%B3n_de_Santa_Isabel\">Cant\u00f3n de Santa Isabel<\/a>), al sur con las Parroquias\u00a0<a class=\"new\" style=\"color: #000000;\" title=\"Pucar\u00e1 (Azuay) (a\u00fan no redactado)\" href=\"https:\/\/es.wikipedia.org\/w\/index.php?title=Pucar%C3%A1_(Azuay)&amp;action=edit&amp;redlink=1\">Pucar\u00e1<\/a>\u00a0y\u00a0<a style=\"color: #000000;\" title=\"Camilo Ponce Enr\u00edquez (parroquia)\" href=\"https:\/\/es.wikipedia.org\/wiki\/Camilo_Ponce_Enr%C3%ADquez_(parroquia)\">Camilo Ponce Enr\u00edquez<\/a>\u00a0y al oeste con la\u00a0<a style=\"color: #000000;\" title=\"Provincia del Guayas\" href=\"https:\/\/es.wikipedia.org\/wiki\/Provincia_del_Guayas\">Provincia del Guayas<\/a>\u00a0con las Parroquias\u00a0<a style=\"color: #000000;\" title=\"Balao (Ecuador)\" href=\"https:\/\/es.wikipedia.org\/wiki\/Balao_(Ecuador)\">Balao<\/a>\u00a0y\u00a0<a style=\"color: #000000;\" title=\"Naranjal (Ecuador)\" href=\"https:\/\/es.wikipedia.org\/wiki\/Naranjal_(Ecuador)\">Naranjal<\/a>.<\/span><\/p>\n<p><span style=\"font-family: georgia, palatino, serif;\"><strong>Ubicaci\u00f3n biof\u00edsica;<\/strong> en el a\u00f1o 2015, los pobladores de Carmen de Pijil\u00ed, reconoc\u00edan la importancia de la ubicaci\u00f3n de la parroquia entre las unidades hidrogr\u00e1ficas de los r\u00edos Tenguel y Balao, lo que les permit\u00edan <strong>disponer de una importante red h\u00eddrica, <\/strong>que favorec\u00eda a la producci\u00f3n agr\u00edcola y pecuaria, con precipitaciones que oscilaban desde los 750 a los 1250 mm\/a\u00f1o, y temperaturas desde los 6\u00b0C a 8\u00b0C (en la zona alta) a los 24 a 26\u00b0C (en la zona baja), esta diversidad de variables, permit\u00edan la existencia de cinco ecosistemas, desde el <strong>Bosque siempre verde de tierras bajas<\/strong>, hasta el <strong>p\u00e1ramo<\/strong>; ecosistemas que albergan la presencia de 44 especies de aves; 15 especies de anfibios y reptiles; 9 especies de murci\u00e9lagos; 16 especies de mam\u00edferos terrestres; y m\u00e1s de un centenar de especies de flora; convirti\u00e9ndola a la parroquia en un importante refugio de biodiversidad, muchas de estas especies amenazadas y en peligro de extinci\u00f3n, tanto a nivel nacional e internacional; adicionalmente se resaltaba el hecho de la existencia de singularidades geol\u00f3gicas y por ende paisaj\u00edsticas como cuevas, piedras talladas, etc. de indudable vocaci\u00f3n tur\u00edstica, cient\u00edfico- cultural y recreativa, que podr\u00edan apoyar al desarrollo de iniciativas de fomento recreacional y tur\u00edstico.<\/span><\/p>\n<p><span style=\"font-family: georgia, palatino, serif;\"><strong>RELIEVES Y SUELOS<\/strong><\/span><\/p>\n<p><span style=\"font-family: georgia, palatino, serif;\">El Carmen de Pijil\u00ed (perteneciente al cant\u00f3n Camilo Ponce Enr\u00edquez), por su ubicaci\u00f3n en las estribaciones de la cordillera occidental dentro de la cordillera de Mollepongo, y una variada altitud que va desde los 108 m snm hasta los 3672 m snm. Por otro lado, de acuerdo al mapa de isotermas del INAHMI y por las caracter\u00edsticas de altitud y temperatura que presenta la parroquia, hay una variabilidad en cuanto a la temperatura media anual, en un rango que va desde los 6 a 8\u00baC en la zona alta hasta los 24 a 26 grados en la zona baja. (PDOT, El Carmen de Pijil\u00ed, 2012).<\/span><\/p>\n<p><span style=\"font-family: georgia, palatino, serif;\">A pesar de su relieve, no se encuentran mesetas ni altiplanos; las pendientes van desde 0 a 5% en la zona baja (planicies), hasta pendientes mayores al 50% en las escarpadas alineaciones monta\u00f1osas que se distribuyen por el territorio. La clasificaci\u00f3n de pendientes, est\u00e1 basado en la clasificaci\u00f3n seg\u00fan el PRAT (Programa de Regularizaci\u00f3n y Administraci\u00f3n de Tierras Rurales, 2008).<\/span><\/p>\n<p><span style=\"font-family: georgia, palatino, serif;\"><strong>Extensi\u00f3n<\/strong><\/span><\/p>\n<p><span style=\"font-family: georgia, palatino, serif;\">La parroquia Carmen de Pijil\u00ed tiene una extensi\u00f3n de 180.9 km2, pertenece a la provincia del Azuay. (2\u00b057&#8217;01.1&#8243;S 79\u00b033&#8217;42.6&#8243;W) -2.950316, -79.561845.<\/span><\/p>\n<p><span style=\"font-family: georgia, palatino, serif;\"><strong>Limites<\/strong><\/span><\/p>\n<p><span style=\"font-family: georgia, palatino, serif;\">La parroquia limita:<\/span><\/p>\n<ul>\n<li><span style=\"font-family: georgia, palatino, serif;\">Al Norte: Parroquia Molleturo del Cant\u00f3n Cuenca.<\/span><\/li>\n<li><span style=\"font-family: georgia, palatino, serif;\">Al Noreste: Parroquia Chaucha del Cant\u00f3n Cuenca.<\/span><\/li>\n<li><span style=\"font-family: georgia, palatino, serif;\">Al Sureste: Parroquia Shaglli del Cant\u00f3n Santa Isabel<\/span><\/li>\n<li><span style=\"font-family: georgia, palatino, serif;\">Al Suroeste: Cant\u00f3n de Pucara<\/span><\/li>\n<li><span style=\"font-family: georgia, palatino, serif;\">Al Oeste: Provincia del Guayas<\/span><\/li>\n<\/ul>\n<p><span style=\"font-family: georgia, palatino, serif;\"><strong>Catastro vial<\/strong><\/span><\/p>\n<p><span style=\"font-family: georgia, palatino, serif;\">En la actualidad la parroquia Carmen de Pijil\u00ed, cuenta con un catastro vial de aproximadamente 106,28 kil\u00f3metros de v\u00edas, de las cuales 101,16 kil\u00f3metros son lastre, 5,12 kil\u00f3metros se encuentran en tierra, y 0 kil\u00f3metros en pavimento.<\/span><\/p>\n<p><b>\u00a0<\/b><\/p>\n","protected":false},"excerpt":{"rendered":"<p>Ubicaci\u00f3n La Parroquia El Carmen de Pijil\u00ed est\u00e1 ubicada en el borde occidental de la\u00a0cordillera de los Andes, en el [&hellip;]<\/p>\n","protected":false},"author":8,"featured_media":0,"comment_status":"closed","ping_status":"closed","sticky":false,"template":"","format":"standard","meta":{"site-sidebar-layout":"default","site-content-layout":"","ast-site-content-layout":"default","site-content-style":"default","site-sidebar-style":"default","ast-global-header-display":"","ast-banner-title-visibility":"","ast-main-header-display":"","ast-hfb-above-header-display":"","ast-hfb-below-header-display":"","ast-hfb-mobile-header-display":"","site-post-title":"","ast-breadcrumbs-content":"","ast-featured-img":"","footer-sml-layout":"","theme-transparent-header-meta":"","adv-header-id-meta":"","stick-header-meta":"","header-above-stick-meta":"","header-main-stick-meta":"","header-below-stick-meta":"","astra-migrate-meta-layouts":"default","ast-page-background-enabled":"default","ast-page-background-meta":{"desktop":{"background-color":"var(--ast-global-color-4)","background-image":"","background-repeat":"repeat","background-position":"center center","background-size":"auto","background-attachment":"scroll","background-type":"","background-media":"","overlay-type":"","overlay-color":"","overlay-opacity":"","overlay-gradient":""},"tablet":{"background-color":"","background-image":"","background-repeat":"repeat","background-position":"center center","background-size":"auto","background-attachment":"scroll","background-type":"","background-media":"","overlay-type":"","overlay-color":"","overlay-opacity":"","overlay-gradient":""},"mobile":{"background-color":"","background-image":"","background-repeat":"repeat","background-position":"center center","background-size":"auto","background-attachment":"scroll","background-type":"","background-media":"","overlay-type":"","overlay-color":"","overlay-opacity":"","overlay-gradient":""}},"ast-content-background-meta":{"desktop":{"background-color":"var(--ast-global-color-5)","background-image":"","background-repeat":"repeat","background-position":"center center","background-size":"auto","background-attachment":"scroll","background-type":"","background-media":"","overlay-type":"","overlay-color":"","overlay-opacity":"","overlay-gradient":""},"tablet":{"background-color":"var(--ast-global-color-5)","background-image":"","background-repeat":"repeat","background-position":"center center","background-size":"auto","background-attachment":"scroll","background-type":"","background-media":"","overlay-type":"","overlay-color":"","overlay-opacity":"","overlay-gradient":""},"mobile":{"background-color":"var(--ast-global-color-5)","background-image":"","background-repeat":"repeat","background-position":"center center","background-size":"auto","background-attachment":"scroll","background-type":"","background-media":"","overlay-type":"","overlay-color":"","overlay-opacity":"","overlay-gradient":""}},"footnotes":""},"categories":[1],"tags":[],"class_list":["post-134","post","type-post","status-publish","format-standard","hentry","category-sin-categoria"],"yoast_head":"<!-- This site is optimized with the Yoast SEO plugin v25.9 - https:\/\/yoast.com\/wordpress\/plugins\/seo\/ -->\n<title>Ubicaci\u00f3n Geogr\u00e1fica -<\/title>\n<meta name=\"robots\" content=\"index, follow, max-snippet:-1, max-image-preview:large, max-video-preview:-1\" \/>\n<link rel=\"canonical\" href=\"https:\/\/gadprpijili.gob.ec\/azuay2\/ubicacion-geografica\/\" \/>\n<meta property=\"og:locale\" content=\"es_ES\" \/>\n<meta property=\"og:type\" content=\"article\" \/>\n<meta property=\"og:title\" content=\"Ubicaci\u00f3n Geogr\u00e1fica -\" \/>\n<meta property=\"og:description\" content=\"Ubicaci\u00f3n La Parroquia El Carmen de Pijil\u00ed est\u00e1 ubicada en el borde occidental de la\u00a0cordillera de los Andes, en el [&hellip;]\" \/>\n<meta property=\"og:url\" content=\"https:\/\/gadprpijili.gob.ec\/azuay2\/ubicacion-geografica\/\" \/>\n<meta property=\"article:published_time\" content=\"2011-05-15T17:08:37+00:00\" \/>\n<meta property=\"article:modified_time\" content=\"2022-08-23T21:39:49+00:00\" \/>\n<meta name=\"author\" content=\"agadprpijili\" \/>\n<meta name=\"twitter:card\" content=\"summary_large_image\" \/>\n<meta name=\"twitter:label1\" content=\"Escrito por\" \/>\n\t<meta name=\"twitter:data1\" content=\"agadprpijili\" \/>\n\t<meta name=\"twitter:label2\" content=\"Tiempo de lectura\" \/>\n\t<meta name=\"twitter:data2\" content=\"4 minutos\" \/>\n<script type=\"application\/ld+json\" class=\"yoast-schema-graph\">{\"@context\":\"https:\/\/schema.org\",\"@graph\":[{\"@type\":\"Article\",\"@id\":\"https:\/\/gadprpijili.gob.ec\/azuay2\/ubicacion-geografica\/#article\",\"isPartOf\":{\"@id\":\"https:\/\/gadprpijili.gob.ec\/azuay2\/ubicacion-geografica\/\"},\"author\":{\"name\":\"agadprpijili\",\"@id\":\"https:\/\/gadprpijili.gob.ec\/azuay2\/#\/schema\/person\/9d5ff597e20ace36205518d77ad399ad\"},\"headline\":\"Ubicaci\u00f3n Geogr\u00e1fica\",\"datePublished\":\"2011-05-15T17:08:37+00:00\",\"dateModified\":\"2022-08-23T21:39:49+00:00\",\"mainEntityOfPage\":{\"@id\":\"https:\/\/gadprpijili.gob.ec\/azuay2\/ubicacion-geografica\/\"},\"wordCount\":740,\"publisher\":{\"@id\":\"https:\/\/gadprpijili.gob.ec\/azuay2\/#organization\"},\"inLanguage\":\"es\"},{\"@type\":\"WebPage\",\"@id\":\"https:\/\/gadprpijili.gob.ec\/azuay2\/ubicacion-geografica\/\",\"url\":\"https:\/\/gadprpijili.gob.ec\/azuay2\/ubicacion-geografica\/\",\"name\":\"Ubicaci\u00f3n Geogr\u00e1fica -\",\"isPartOf\":{\"@id\":\"https:\/\/gadprpijili.gob.ec\/azuay2\/#website\"},\"datePublished\":\"2011-05-15T17:08:37+00:00\",\"dateModified\":\"2022-08-23T21:39:49+00:00\",\"breadcrumb\":{\"@id\":\"https:\/\/gadprpijili.gob.ec\/azuay2\/ubicacion-geografica\/#breadcrumb\"},\"inLanguage\":\"es\",\"potentialAction\":[{\"@type\":\"ReadAction\",\"target\":[\"https:\/\/gadprpijili.gob.ec\/azuay2\/ubicacion-geografica\/\"]}]},{\"@type\":\"BreadcrumbList\",\"@id\":\"https:\/\/gadprpijili.gob.ec\/azuay2\/ubicacion-geografica\/#breadcrumb\",\"itemListElement\":[{\"@type\":\"ListItem\",\"position\":1,\"name\":\"Home\",\"item\":\"https:\/\/gadprpijili.gob.ec\/azuay2\/\"},{\"@type\":\"ListItem\",\"position\":2,\"name\":\"Ubicaci\u00f3n Geogr\u00e1fica\"}]},{\"@type\":\"WebSite\",\"@id\":\"https:\/\/gadprpijili.gob.ec\/azuay2\/#website\",\"url\":\"https:\/\/gadprpijili.gob.ec\/azuay2\/\",\"name\":\"GAD Parroquial de Pijili\",\"description\":\"Sitio Oficial del GAD Parroquial de Pijili Azuay\",\"publisher\":{\"@id\":\"https:\/\/gadprpijili.gob.ec\/azuay2\/#organization\"},\"potentialAction\":[{\"@type\":\"SearchAction\",\"target\":{\"@type\":\"EntryPoint\",\"urlTemplate\":\"https:\/\/gadprpijili.gob.ec\/azuay2\/?s={search_term_string}\"},\"query-input\":{\"@type\":\"PropertyValueSpecification\",\"valueRequired\":true,\"valueName\":\"search_term_string\"}}],\"inLanguage\":\"es\"},{\"@type\":\"Organization\",\"@id\":\"https:\/\/gadprpijili.gob.ec\/azuay2\/#organization\",\"name\":\"GAD parroquial de Pijili\",\"url\":\"https:\/\/gadprpijili.gob.ec\/azuay2\/\",\"logo\":{\"@type\":\"ImageObject\",\"inLanguage\":\"es\",\"@id\":\"https:\/\/gadprpijili.gob.ec\/azuay2\/#\/schema\/logo\/image\/\",\"url\":\"https:\/\/gadprpijili.gob.ec\/azuay2\/wp-content\/uploads\/2020\/06\/logoFooter.png\",\"contentUrl\":\"https:\/\/gadprpijili.gob.ec\/azuay2\/wp-content\/uploads\/2020\/06\/logoFooter.png\",\"width\":200,\"height\":150,\"caption\":\"GAD parroquial de Pijili\"},\"image\":{\"@id\":\"https:\/\/gadprpijili.gob.ec\/azuay2\/#\/schema\/logo\/image\/\"}},{\"@type\":\"Person\",\"@id\":\"https:\/\/gadprpijili.gob.ec\/azuay2\/#\/schema\/person\/9d5ff597e20ace36205518d77ad399ad\",\"name\":\"agadprpijili\",\"image\":{\"@type\":\"ImageObject\",\"inLanguage\":\"es\",\"@id\":\"https:\/\/gadprpijili.gob.ec\/azuay2\/#\/schema\/person\/image\/\",\"url\":\"https:\/\/secure.gravatar.com\/avatar\/b7ceb8d4252728c0b1d1cd3b9cad0763b9c634e606648daa884e5ee6d60d6ebc?s=96&d=mm&r=g\",\"contentUrl\":\"https:\/\/secure.gravatar.com\/avatar\/b7ceb8d4252728c0b1d1cd3b9cad0763b9c634e606648daa884e5ee6d60d6ebc?s=96&d=mm&r=g\",\"caption\":\"agadprpijili\"},\"url\":\"https:\/\/gadprpijili.gob.ec\/azuay2\/author\/agadprpijili\/\"}]}<\/script>\n<!-- \/ Yoast SEO plugin. -->","yoast_head_json":{"title":"Ubicaci\u00f3n Geogr\u00e1fica -","robots":{"index":"index","follow":"follow","max-snippet":"max-snippet:-1","max-image-preview":"max-image-preview:large","max-video-preview":"max-video-preview:-1"},"canonical":"https:\/\/gadprpijili.gob.ec\/azuay2\/ubicacion-geografica\/","og_locale":"es_ES","og_type":"article","og_title":"Ubicaci\u00f3n Geogr\u00e1fica -","og_description":"Ubicaci\u00f3n La Parroquia El Carmen de Pijil\u00ed est\u00e1 ubicada en el borde occidental de la\u00a0cordillera de los Andes, en el [&hellip;]","og_url":"https:\/\/gadprpijili.gob.ec\/azuay2\/ubicacion-geografica\/","article_published_time":"2011-05-15T17:08:37+00:00","article_modified_time":"2022-08-23T21:39:49+00:00","author":"agadprpijili","twitter_card":"summary_large_image","twitter_misc":{"Escrito por":"agadprpijili","Tiempo de lectura":"4 minutos"},"schema":{"@context":"https:\/\/schema.org","@graph":[{"@type":"Article","@id":"https:\/\/gadprpijili.gob.ec\/azuay2\/ubicacion-geografica\/#article","isPartOf":{"@id":"https:\/\/gadprpijili.gob.ec\/azuay2\/ubicacion-geografica\/"},"author":{"name":"agadprpijili","@id":"https:\/\/gadprpijili.gob.ec\/azuay2\/#\/schema\/person\/9d5ff597e20ace36205518d77ad399ad"},"headline":"Ubicaci\u00f3n Geogr\u00e1fica","datePublished":"2011-05-15T17:08:37+00:00","dateModified":"2022-08-23T21:39:49+00:00","mainEntityOfPage":{"@id":"https:\/\/gadprpijili.gob.ec\/azuay2\/ubicacion-geografica\/"},"wordCount":740,"publisher":{"@id":"https:\/\/gadprpijili.gob.ec\/azuay2\/#organization"},"inLanguage":"es"},{"@type":"WebPage","@id":"https:\/\/gadprpijili.gob.ec\/azuay2\/ubicacion-geografica\/","url":"https:\/\/gadprpijili.gob.ec\/azuay2\/ubicacion-geografica\/","name":"Ubicaci\u00f3n Geogr\u00e1fica -","isPartOf":{"@id":"https:\/\/gadprpijili.gob.ec\/azuay2\/#website"},"datePublished":"2011-05-15T17:08:37+00:00","dateModified":"2022-08-23T21:39:49+00:00","breadcrumb":{"@id":"https:\/\/gadprpijili.gob.ec\/azuay2\/ubicacion-geografica\/#breadcrumb"},"inLanguage":"es","potentialAction":[{"@type":"ReadAction","target":["https:\/\/gadprpijili.gob.ec\/azuay2\/ubicacion-geografica\/"]}]},{"@type":"BreadcrumbList","@id":"https:\/\/gadprpijili.gob.ec\/azuay2\/ubicacion-geografica\/#breadcrumb","itemListElement":[{"@type":"ListItem","position":1,"name":"Home","item":"https:\/\/gadprpijili.gob.ec\/azuay2\/"},{"@type":"ListItem","position":2,"name":"Ubicaci\u00f3n Geogr\u00e1fica"}]},{"@type":"WebSite","@id":"https:\/\/gadprpijili.gob.ec\/azuay2\/#website","url":"https:\/\/gadprpijili.gob.ec\/azuay2\/","name":"GAD Parroquial de Pijili","description":"Sitio Oficial del GAD Parroquial de Pijili Azuay","publisher":{"@id":"https:\/\/gadprpijili.gob.ec\/azuay2\/#organization"},"potentialAction":[{"@type":"SearchAction","target":{"@type":"EntryPoint","urlTemplate":"https:\/\/gadprpijili.gob.ec\/azuay2\/?s={search_term_string}"},"query-input":{"@type":"PropertyValueSpecification","valueRequired":true,"valueName":"search_term_string"}}],"inLanguage":"es"},{"@type":"Organization","@id":"https:\/\/gadprpijili.gob.ec\/azuay2\/#organization","name":"GAD parroquial de Pijili","url":"https:\/\/gadprpijili.gob.ec\/azuay2\/","logo":{"@type":"ImageObject","inLanguage":"es","@id":"https:\/\/gadprpijili.gob.ec\/azuay2\/#\/schema\/logo\/image\/","url":"https:\/\/gadprpijili.gob.ec\/azuay2\/wp-content\/uploads\/2020\/06\/logoFooter.png","contentUrl":"https:\/\/gadprpijili.gob.ec\/azuay2\/wp-content\/uploads\/2020\/06\/logoFooter.png","width":200,"height":150,"caption":"GAD parroquial de Pijili"},"image":{"@id":"https:\/\/gadprpijili.gob.ec\/azuay2\/#\/schema\/logo\/image\/"}},{"@type":"Person","@id":"https:\/\/gadprpijili.gob.ec\/azuay2\/#\/schema\/person\/9d5ff597e20ace36205518d77ad399ad","name":"agadprpijili","image":{"@type":"ImageObject","inLanguage":"es","@id":"https:\/\/gadprpijili.gob.ec\/azuay2\/#\/schema\/person\/image\/","url":"https:\/\/secure.gravatar.com\/avatar\/b7ceb8d4252728c0b1d1cd3b9cad0763b9c634e606648daa884e5ee6d60d6ebc?s=96&d=mm&r=g","contentUrl":"https:\/\/secure.gravatar.com\/avatar\/b7ceb8d4252728c0b1d1cd3b9cad0763b9c634e606648daa884e5ee6d60d6ebc?s=96&d=mm&r=g","caption":"agadprpijili"},"url":"https:\/\/gadprpijili.gob.ec\/azuay2\/author\/agadprpijili\/"}]}},"_links":{"self":[{"href":"https:\/\/gadprpijili.gob.ec\/azuay2\/wp-json\/wp\/v2\/posts\/134","targetHints":{"allow":["GET"]}}],"collection":[{"href":"https:\/\/gadprpijili.gob.ec\/azuay2\/wp-json\/wp\/v2\/posts"}],"about":[{"href":"https:\/\/gadprpijili.gob.ec\/azuay2\/wp-json\/wp\/v2\/types\/post"}],"author":[{"embeddable":true,"href":"https:\/\/gadprpijili.gob.ec\/azuay2\/wp-json\/wp\/v2\/users\/8"}],"replies":[{"embeddable":true,"href":"https:\/\/gadprpijili.gob.ec\/azuay2\/wp-json\/wp\/v2\/comments?post=134"}],"version-history":[{"count":6,"href":"https:\/\/gadprpijili.gob.ec\/azuay2\/wp-json\/wp\/v2\/posts\/134\/revisions"}],"predecessor-version":[{"id":5658,"href":"https:\/\/gadprpijili.gob.ec\/azuay2\/wp-json\/wp\/v2\/posts\/134\/revisions\/5658"}],"wp:attachment":[{"href":"https:\/\/gadprpijili.gob.ec\/azuay2\/wp-json\/wp\/v2\/media?parent=134"}],"wp:term":[{"taxonomy":"category","embeddable":true,"href":"https:\/\/gadprpijili.gob.ec\/azuay2\/wp-json\/wp\/v2\/categories?post=134"},{"taxonomy":"post_tag","embeddable":true,"href":"https:\/\/gadprpijili.gob.ec\/azuay2\/wp-json\/wp\/v2\/tags?post=134"}],"curies":[{"name":"wp","href":"https:\/\/api.w.org\/{rel}","templated":true}]}}