{"id":191,"date":"2014-10-14T15:59:30","date_gmt":"2014-10-14T19:59:30","guid":{"rendered":"http:\/\/gadprpijili.gob.ec\/azuay2\/?p=191"},"modified":"2014-10-14T15:59:30","modified_gmt":"2014-10-14T19:59:30","slug":"sesion-sobre-salud","status":"publish","type":"post","link":"https:\/\/gadprpijili.gob.ec\/azuay2\/sesion-sobre-salud\/","title":{"rendered":"Sesi\u00f3n sobre Salud"},"content":{"rendered":"<p><span style=\"font-size: 11pt; line-height: 107%; font-family: Calibri, sans-serif;\">El gobierno Parroquial&nbsp; coordina una reuni\u00f3n con el Sub- Centro de salud&nbsp; y todos los representantes&nbsp; de cada una de las comunidades de&nbsp; la parroquia para realizar una sesi\u00f3n&nbsp; en la que se har\u00eda un diagn\u00f3stico de la situaci\u00f3n de la salud de los diferentes sectores para as\u00ed de alguna manera solventar las necesidades en caso de requerir atenci\u00f3n, a esta reuni\u00f3n tambi\u00e9n asisti\u00f3 el Sr. Alcalde Sr. Manuel Espinoza quien se comprometi\u00f3 a donar unos tanques para recolectar la basura del centro parroquial.&nbsp;<\/span><\/p>\n<p><span style=\"font-size: 11pt; line-height: 107%; font-family: Calibri, sans-serif;\"><img fetchpriority=\"high\" decoding=\"async\" class=\" size-full wp-image-188\" style=\"display: block; margin-left: auto; margin-right: auto;\" src=\"http:\/\/gadprpijili.gob.ec\/azuay2\/wp-content\/uploads\/2014\/10\/salud01.jpg\" alt=\"salud01\" width=\"700\" height=\"396\" srcset=\"https:\/\/gadprpijili.gob.ec\/azuay2\/wp-content\/uploads\/2014\/10\/salud01.jpg 960w, https:\/\/gadprpijili.gob.ec\/azuay2\/wp-content\/uploads\/2014\/10\/salud01-300x169.jpg 300w\" sizes=\"(max-width: 700px) 100vw, 700px\" \/><\/span><\/p>\n<p><img decoding=\"async\" class=\" size-full wp-image-189\" style=\"display: block; margin-left: auto; margin-right: auto;\" src=\"http:\/\/gadprpijili.gob.ec\/azuay2\/wp-content\/uploads\/2014\/10\/salud02.jpg\" alt=\"salud02\" width=\"700\" height=\"396\" srcset=\"https:\/\/gadprpijili.gob.ec\/azuay2\/wp-content\/uploads\/2014\/10\/salud02.jpg 960w, https:\/\/gadprpijili.gob.ec\/azuay2\/wp-content\/uploads\/2014\/10\/salud02-300x169.jpg 300w\" sizes=\"(max-width: 700px) 100vw, 700px\" \/><\/p>\n<p><img decoding=\"async\" class=\" size-full wp-image-190\" src=\"http:\/\/gadprpijili.gob.ec\/azuay2\/wp-content\/uploads\/2014\/10\/salud03.jpg\" alt=\"salud03\" width=\"700\" height=\"396\" srcset=\"https:\/\/gadprpijili.gob.ec\/azuay2\/wp-content\/uploads\/2014\/10\/salud03.jpg 960w, https:\/\/gadprpijili.gob.ec\/azuay2\/wp-content\/uploads\/2014\/10\/salud03-300x169.jpg 300w\" sizes=\"(max-width: 700px) 100vw, 700px\" \/><\/p>\n","protected":false},"excerpt":{"rendered":"<p>El gobierno Parroquial&nbsp; coordina una reuni\u00f3n con el Sub- Centro de salud&nbsp; y todos los representantes&nbsp; de cada una de [&hellip;]<\/p>\n","protected":false},"author":8,"featured_media":188,"comment_status":"closed","ping_status":"closed","sticky":false,"template":"","format":"standard","meta":{"site-sidebar-layout":"default","site-content-layout":"","ast-site-content-layout":"default","site-content-style":"default","site-sidebar-style":"default","ast-global-header-display":"","ast-banner-title-visibility":"","ast-main-header-display":"","ast-hfb-above-header-display":"","ast-hfb-below-header-display":"","ast-hfb-mobile-header-display":"","site-post-title":"","ast-breadcrumbs-content":"","ast-featured-img":"","footer-sml-layout":"","theme-transparent-header-meta":"","adv-header-id-meta":"","stick-header-meta":"","header-above-stick-meta":"","header-main-stick-meta":"","header-below-stick-meta":"","astra-migrate-meta-layouts":"default","ast-page-background-enabled":"default","ast-page-background-meta":{"desktop":{"background-color":"var(--ast-global-color-4)","background-image":"","background-repeat":"repeat","background-position":"center center","background-size":"auto","background-attachment":"scroll","background-type":"","background-media":"","overlay-type":"","overlay-color":"","overlay-opacity":"","overlay-gradient":""},"tablet":{"background-color":"","background-image":"","background-repeat":"repeat","background-position":"center center","background-size":"auto","background-attachment":"scroll","background-type":"","background-media":"","overlay-type":"","overlay-color":"","overlay-opacity":"","overlay-gradient":""},"mobile":{"background-color":"","background-image":"","background-repeat":"repeat","background-position":"center center","background-size":"auto","background-attachment":"scroll","background-type":"","background-media":"","overlay-type":"","overlay-color":"","overlay-opacity":"","overlay-gradient":""}},"ast-content-background-meta":{"desktop":{"background-color":"var(--ast-global-color-5)","background-image":"","background-repeat":"repeat","background-position":"center center","background-size":"auto","background-attachment":"scroll","background-type":"","background-media":"","overlay-type":"","overlay-color":"","overlay-opacity":"","overlay-gradient":""},"tablet":{"background-color":"var(--ast-global-color-5)","background-image":"","background-repeat":"repeat","background-position":"center center","background-size":"auto","background-attachment":"scroll","background-type":"","background-media":"","overlay-type":"","overlay-color":"","overlay-opacity":"","overlay-gradient":""},"mobile":{"background-color":"var(--ast-global-color-5)","background-image":"","background-repeat":"repeat","background-position":"center center","background-size":"auto","background-attachment":"scroll","background-type":"","background-media":"","overlay-type":"","overlay-color":"","overlay-opacity":"","overlay-gradient":""}},"footnotes":""},"categories":[8],"tags":[],"class_list":["post-191","post","type-post","status-publish","format-standard","has-post-thumbnail","hentry","category-c37-ultimas-noticias"],"yoast_head":"<!-- This site is optimized with the Yoast SEO plugin v25.9 - https:\/\/yoast.com\/wordpress\/plugins\/seo\/ -->\n<title>Sesi\u00f3n sobre Salud -<\/title>\n<meta name=\"robots\" content=\"index, follow, max-snippet:-1, max-image-preview:large, max-video-preview:-1\" \/>\n<link rel=\"canonical\" href=\"https:\/\/gadprpijili.gob.ec\/azuay2\/sesion-sobre-salud\/\" \/>\n<meta property=\"og:locale\" content=\"es_ES\" \/>\n<meta property=\"og:type\" content=\"article\" \/>\n<meta property=\"og:title\" content=\"Sesi\u00f3n sobre Salud -\" \/>\n<meta property=\"og:description\" content=\"El gobierno Parroquial&nbsp; coordina una reuni\u00f3n con el Sub- Centro de salud&nbsp; y todos los representantes&nbsp; de cada una de [&hellip;]\" \/>\n<meta property=\"og:url\" content=\"https:\/\/gadprpijili.gob.ec\/azuay2\/sesion-sobre-salud\/\" \/>\n<meta property=\"article:published_time\" content=\"2014-10-14T19:59:30+00:00\" \/>\n<meta property=\"og:image\" content=\"https:\/\/gadprpijili.gob.ec\/azuay2\/wp-content\/uploads\/2014\/10\/salud01.jpg\" \/>\n\t<meta property=\"og:image:width\" content=\"960\" \/>\n\t<meta property=\"og:image:height\" content=\"543\" \/>\n\t<meta property=\"og:image:type\" content=\"image\/jpeg\" \/>\n<meta name=\"author\" content=\"agadprpijili\" \/>\n<meta name=\"twitter:card\" content=\"summary_large_image\" \/>\n<meta name=\"twitter:label1\" content=\"Escrito por\" \/>\n\t<meta name=\"twitter:data1\" content=\"agadprpijili\" \/>\n<script type=\"application\/ld+json\" class=\"yoast-schema-graph\">{\"@context\":\"https:\/\/schema.org\",\"@graph\":[{\"@type\":\"Article\",\"@id\":\"https:\/\/gadprpijili.gob.ec\/azuay2\/sesion-sobre-salud\/#article\",\"isPartOf\":{\"@id\":\"https:\/\/gadprpijili.gob.ec\/azuay2\/sesion-sobre-salud\/\"},\"author\":{\"name\":\"agadprpijili\",\"@id\":\"https:\/\/gadprpijili.gob.ec\/azuay2\/#\/schema\/person\/9d5ff597e20ace36205518d77ad399ad\"},\"headline\":\"Sesi\u00f3n sobre Salud\",\"datePublished\":\"2014-10-14T19:59:30+00:00\",\"mainEntityOfPage\":{\"@id\":\"https:\/\/gadprpijili.gob.ec\/azuay2\/sesion-sobre-salud\/\"},\"wordCount\":102,\"publisher\":{\"@id\":\"https:\/\/gadprpijili.gob.ec\/azuay2\/#organization\"},\"image\":{\"@id\":\"https:\/\/gadprpijili.gob.ec\/azuay2\/sesion-sobre-salud\/#primaryimage\"},\"thumbnailUrl\":\"https:\/\/gadprpijili.gob.ec\/azuay2\/wp-content\/uploads\/2014\/10\/salud01.jpg\",\"articleSection\":[\"Ultimas Noticias\"],\"inLanguage\":\"es\"},{\"@type\":\"WebPage\",\"@id\":\"https:\/\/gadprpijili.gob.ec\/azuay2\/sesion-sobre-salud\/\",\"url\":\"https:\/\/gadprpijili.gob.ec\/azuay2\/sesion-sobre-salud\/\",\"name\":\"Sesi\u00f3n sobre Salud -\",\"isPartOf\":{\"@id\":\"https:\/\/gadprpijili.gob.ec\/azuay2\/#website\"},\"primaryImageOfPage\":{\"@id\":\"https:\/\/gadprpijili.gob.ec\/azuay2\/sesion-sobre-salud\/#primaryimage\"},\"image\":{\"@id\":\"https:\/\/gadprpijili.gob.ec\/azuay2\/sesion-sobre-salud\/#primaryimage\"},\"thumbnailUrl\":\"https:\/\/gadprpijili.gob.ec\/azuay2\/wp-content\/uploads\/2014\/10\/salud01.jpg\",\"datePublished\":\"2014-10-14T19:59:30+00:00\",\"breadcrumb\":{\"@id\":\"https:\/\/gadprpijili.gob.ec\/azuay2\/sesion-sobre-salud\/#breadcrumb\"},\"inLanguage\":\"es\",\"potentialAction\":[{\"@type\":\"ReadAction\",\"target\":[\"https:\/\/gadprpijili.gob.ec\/azuay2\/sesion-sobre-salud\/\"]}]},{\"@type\":\"ImageObject\",\"inLanguage\":\"es\",\"@id\":\"https:\/\/gadprpijili.gob.ec\/azuay2\/sesion-sobre-salud\/#primaryimage\",\"url\":\"https:\/\/gadprpijili.gob.ec\/azuay2\/wp-content\/uploads\/2014\/10\/salud01.jpg\",\"contentUrl\":\"https:\/\/gadprpijili.gob.ec\/azuay2\/wp-content\/uploads\/2014\/10\/salud01.jpg\",\"width\":960,\"height\":543,\"caption\":\"salud01\"},{\"@type\":\"BreadcrumbList\",\"@id\":\"https:\/\/gadprpijili.gob.ec\/azuay2\/sesion-sobre-salud\/#breadcrumb\",\"itemListElement\":[{\"@type\":\"ListItem\",\"position\":1,\"name\":\"Home\",\"item\":\"https:\/\/gadprpijili.gob.ec\/azuay2\/\"},{\"@type\":\"ListItem\",\"position\":2,\"name\":\"Sesi\u00f3n sobre Salud\"}]},{\"@type\":\"WebSite\",\"@id\":\"https:\/\/gadprpijili.gob.ec\/azuay2\/#website\",\"url\":\"https:\/\/gadprpijili.gob.ec\/azuay2\/\",\"name\":\"GAD Parroquial de Pijili\",\"description\":\"Sitio Oficial del GAD Parroquial de Pijili Azuay\",\"publisher\":{\"@id\":\"https:\/\/gadprpijili.gob.ec\/azuay2\/#organization\"},\"potentialAction\":[{\"@type\":\"SearchAction\",\"target\":{\"@type\":\"EntryPoint\",\"urlTemplate\":\"https:\/\/gadprpijili.gob.ec\/azuay2\/?s={search_term_string}\"},\"query-input\":{\"@type\":\"PropertyValueSpecification\",\"valueRequired\":true,\"valueName\":\"search_term_string\"}}],\"inLanguage\":\"es\"},{\"@type\":\"Organization\",\"@id\":\"https:\/\/gadprpijili.gob.ec\/azuay2\/#organization\",\"name\":\"GAD parroquial de Pijili\",\"url\":\"https:\/\/gadprpijili.gob.ec\/azuay2\/\",\"logo\":{\"@type\":\"ImageObject\",\"inLanguage\":\"es\",\"@id\":\"https:\/\/gadprpijili.gob.ec\/azuay2\/#\/schema\/logo\/image\/\",\"url\":\"https:\/\/gadprpijili.gob.ec\/azuay2\/wp-content\/uploads\/2020\/06\/logoFooter.png\",\"contentUrl\":\"https:\/\/gadprpijili.gob.ec\/azuay2\/wp-content\/uploads\/2020\/06\/logoFooter.png\",\"width\":200,\"height\":150,\"caption\":\"GAD parroquial de Pijili\"},\"image\":{\"@id\":\"https:\/\/gadprpijili.gob.ec\/azuay2\/#\/schema\/logo\/image\/\"}},{\"@type\":\"Person\",\"@id\":\"https:\/\/gadprpijili.gob.ec\/azuay2\/#\/schema\/person\/9d5ff597e20ace36205518d77ad399ad\",\"name\":\"agadprpijili\",\"image\":{\"@type\":\"ImageObject\",\"inLanguage\":\"es\",\"@id\":\"https:\/\/gadprpijili.gob.ec\/azuay2\/#\/schema\/person\/image\/\",\"url\":\"https:\/\/secure.gravatar.com\/avatar\/b7ceb8d4252728c0b1d1cd3b9cad0763b9c634e606648daa884e5ee6d60d6ebc?s=96&d=mm&r=g\",\"contentUrl\":\"https:\/\/secure.gravatar.com\/avatar\/b7ceb8d4252728c0b1d1cd3b9cad0763b9c634e606648daa884e5ee6d60d6ebc?s=96&d=mm&r=g\",\"caption\":\"agadprpijili\"},\"url\":\"https:\/\/gadprpijili.gob.ec\/azuay2\/author\/agadprpijili\/\"}]}<\/script>\n<!-- \/ Yoast SEO plugin. -->","yoast_head_json":{"title":"Sesi\u00f3n sobre Salud -","robots":{"index":"index","follow":"follow","max-snippet":"max-snippet:-1","max-image-preview":"max-image-preview:large","max-video-preview":"max-video-preview:-1"},"canonical":"https:\/\/gadprpijili.gob.ec\/azuay2\/sesion-sobre-salud\/","og_locale":"es_ES","og_type":"article","og_title":"Sesi\u00f3n sobre Salud -","og_description":"El gobierno Parroquial&nbsp; coordina una reuni\u00f3n con el Sub- Centro de salud&nbsp; y todos los representantes&nbsp; de cada una de [&hellip;]","og_url":"https:\/\/gadprpijili.gob.ec\/azuay2\/sesion-sobre-salud\/","article_published_time":"2014-10-14T19:59:30+00:00","og_image":[{"width":960,"height":543,"url":"https:\/\/gadprpijili.gob.ec\/azuay2\/wp-content\/uploads\/2014\/10\/salud01.jpg","type":"image\/jpeg"}],"author":"agadprpijili","twitter_card":"summary_large_image","twitter_misc":{"Escrito por":"agadprpijili"},"schema":{"@context":"https:\/\/schema.org","@graph":[{"@type":"Article","@id":"https:\/\/gadprpijili.gob.ec\/azuay2\/sesion-sobre-salud\/#article","isPartOf":{"@id":"https:\/\/gadprpijili.gob.ec\/azuay2\/sesion-sobre-salud\/"},"author":{"name":"agadprpijili","@id":"https:\/\/gadprpijili.gob.ec\/azuay2\/#\/schema\/person\/9d5ff597e20ace36205518d77ad399ad"},"headline":"Sesi\u00f3n sobre Salud","datePublished":"2014-10-14T19:59:30+00:00","mainEntityOfPage":{"@id":"https:\/\/gadprpijili.gob.ec\/azuay2\/sesion-sobre-salud\/"},"wordCount":102,"publisher":{"@id":"https:\/\/gadprpijili.gob.ec\/azuay2\/#organization"},"image":{"@id":"https:\/\/gadprpijili.gob.ec\/azuay2\/sesion-sobre-salud\/#primaryimage"},"thumbnailUrl":"https:\/\/gadprpijili.gob.ec\/azuay2\/wp-content\/uploads\/2014\/10\/salud01.jpg","articleSection":["Ultimas Noticias"],"inLanguage":"es"},{"@type":"WebPage","@id":"https:\/\/gadprpijili.gob.ec\/azuay2\/sesion-sobre-salud\/","url":"https:\/\/gadprpijili.gob.ec\/azuay2\/sesion-sobre-salud\/","name":"Sesi\u00f3n sobre Salud -","isPartOf":{"@id":"https:\/\/gadprpijili.gob.ec\/azuay2\/#website"},"primaryImageOfPage":{"@id":"https:\/\/gadprpijili.gob.ec\/azuay2\/sesion-sobre-salud\/#primaryimage"},"image":{"@id":"https:\/\/gadprpijili.gob.ec\/azuay2\/sesion-sobre-salud\/#primaryimage"},"thumbnailUrl":"https:\/\/gadprpijili.gob.ec\/azuay2\/wp-content\/uploads\/2014\/10\/salud01.jpg","datePublished":"2014-10-14T19:59:30+00:00","breadcrumb":{"@id":"https:\/\/gadprpijili.gob.ec\/azuay2\/sesion-sobre-salud\/#breadcrumb"},"inLanguage":"es","potentialAction":[{"@type":"ReadAction","target":["https:\/\/gadprpijili.gob.ec\/azuay2\/sesion-sobre-salud\/"]}]},{"@type":"ImageObject","inLanguage":"es","@id":"https:\/\/gadprpijili.gob.ec\/azuay2\/sesion-sobre-salud\/#primaryimage","url":"https:\/\/gadprpijili.gob.ec\/azuay2\/wp-content\/uploads\/2014\/10\/salud01.jpg","contentUrl":"https:\/\/gadprpijili.gob.ec\/azuay2\/wp-content\/uploads\/2014\/10\/salud01.jpg","width":960,"height":543,"caption":"salud01"},{"@type":"BreadcrumbList","@id":"https:\/\/gadprpijili.gob.ec\/azuay2\/sesion-sobre-salud\/#breadcrumb","itemListElement":[{"@type":"ListItem","position":1,"name":"Home","item":"https:\/\/gadprpijili.gob.ec\/azuay2\/"},{"@type":"ListItem","position":2,"name":"Sesi\u00f3n sobre Salud"}]},{"@type":"WebSite","@id":"https:\/\/gadprpijili.gob.ec\/azuay2\/#website","url":"https:\/\/gadprpijili.gob.ec\/azuay2\/","name":"GAD Parroquial de Pijili","description":"Sitio Oficial del GAD Parroquial de Pijili Azuay","publisher":{"@id":"https:\/\/gadprpijili.gob.ec\/azuay2\/#organization"},"potentialAction":[{"@type":"SearchAction","target":{"@type":"EntryPoint","urlTemplate":"https:\/\/gadprpijili.gob.ec\/azuay2\/?s={search_term_string}"},"query-input":{"@type":"PropertyValueSpecification","valueRequired":true,"valueName":"search_term_string"}}],"inLanguage":"es"},{"@type":"Organization","@id":"https:\/\/gadprpijili.gob.ec\/azuay2\/#organization","name":"GAD parroquial de Pijili","url":"https:\/\/gadprpijili.gob.ec\/azuay2\/","logo":{"@type":"ImageObject","inLanguage":"es","@id":"https:\/\/gadprpijili.gob.ec\/azuay2\/#\/schema\/logo\/image\/","url":"https:\/\/gadprpijili.gob.ec\/azuay2\/wp-content\/uploads\/2020\/06\/logoFooter.png","contentUrl":"https:\/\/gadprpijili.gob.ec\/azuay2\/wp-content\/uploads\/2020\/06\/logoFooter.png","width":200,"height":150,"caption":"GAD parroquial de Pijili"},"image":{"@id":"https:\/\/gadprpijili.gob.ec\/azuay2\/#\/schema\/logo\/image\/"}},{"@type":"Person","@id":"https:\/\/gadprpijili.gob.ec\/azuay2\/#\/schema\/person\/9d5ff597e20ace36205518d77ad399ad","name":"agadprpijili","image":{"@type":"ImageObject","inLanguage":"es","@id":"https:\/\/gadprpijili.gob.ec\/azuay2\/#\/schema\/person\/image\/","url":"https:\/\/secure.gravatar.com\/avatar\/b7ceb8d4252728c0b1d1cd3b9cad0763b9c634e606648daa884e5ee6d60d6ebc?s=96&d=mm&r=g","contentUrl":"https:\/\/secure.gravatar.com\/avatar\/b7ceb8d4252728c0b1d1cd3b9cad0763b9c634e606648daa884e5ee6d60d6ebc?s=96&d=mm&r=g","caption":"agadprpijili"},"url":"https:\/\/gadprpijili.gob.ec\/azuay2\/author\/agadprpijili\/"}]}},"_links":{"self":[{"href":"https:\/\/gadprpijili.gob.ec\/azuay2\/wp-json\/wp\/v2\/posts\/191","targetHints":{"allow":["GET"]}}],"collection":[{"href":"https:\/\/gadprpijili.gob.ec\/azuay2\/wp-json\/wp\/v2\/posts"}],"about":[{"href":"https:\/\/gadprpijili.gob.ec\/azuay2\/wp-json\/wp\/v2\/types\/post"}],"author":[{"embeddable":true,"href":"https:\/\/gadprpijili.gob.ec\/azuay2\/wp-json\/wp\/v2\/users\/8"}],"replies":[{"embeddable":true,"href":"https:\/\/gadprpijili.gob.ec\/azuay2\/wp-json\/wp\/v2\/comments?post=191"}],"version-history":[{"count":0,"href":"https:\/\/gadprpijili.gob.ec\/azuay2\/wp-json\/wp\/v2\/posts\/191\/revisions"}],"wp:featuredmedia":[{"embeddable":true,"href":"https:\/\/gadprpijili.gob.ec\/azuay2\/wp-json\/wp\/v2\/media\/188"}],"wp:attachment":[{"href":"https:\/\/gadprpijili.gob.ec\/azuay2\/wp-json\/wp\/v2\/media?parent=191"}],"wp:term":[{"taxonomy":"category","embeddable":true,"href":"https:\/\/gadprpijili.gob.ec\/azuay2\/wp-json\/wp\/v2\/categories?post=191"},{"taxonomy":"post_tag","embeddable":true,"href":"https:\/\/gadprpijili.gob.ec\/azuay2\/wp-json\/wp\/v2\/tags?post=191"}],"curies":[{"name":"wp","href":"https:\/\/api.w.org\/{rel}","templated":true}]}}