{"id":197,"date":"2014-10-14T16:02:31","date_gmt":"2014-10-14T20:02:31","guid":{"rendered":"http:\/\/gadprpijili.gob.ec\/azuay2\/?p=197"},"modified":"2014-10-14T16:02:31","modified_gmt":"2014-10-14T20:02:31","slug":"bailoterapia-en-el-centro-parroquial","status":"publish","type":"post","link":"https:\/\/gadprpijili.gob.ec\/azuay2\/bailoterapia-en-el-centro-parroquial\/","title":{"rendered":"Bailoter\u00e1pia en el centro parroquial"},"content":{"rendered":"<p><span style=\"font-size: 11pt; line-height: 107%; font-family: Calibri, sans-serif;\">La Prefectura del Azuay, El Cant\u00f3n Camilo Ponce Enr\u00edquez y el Gobierno Parroquial El Carmen de Pijil\u00ed hicieron posible el arranque de la bailo terapia en el centro parroquial que este s\u00e1bado 4 octubre ya tuvo lugar, varias personase entre j\u00f3venes, ni\u00f1os y adultos mayores se dieron sita&nbsp; a participar de esta terapia para el cuerpo&nbsp; que con ejercidos, baile y risas&nbsp; se detrajeron mucho, as\u00ed tambi\u00e9n la facilitadora encargada de hacer mover a la gente visitara 1 vez a la semana &nbsp;la parroquia para continuar animando a la gente a que queme calor\u00edas sanamente.<\/span><\/p>\n<p style=\"text-align: center;\"><span style=\"font-size: 11pt; line-height: 107%; font-family: Calibri, sans-serif;\"><img fetchpriority=\"high\" decoding=\"async\" class=\" size-full wp-image-192\" style=\"display: block; margin-left: auto; margin-right: auto;\" src=\"http:\/\/gadprpijili.gob.ec\/azuay2\/wp-content\/uploads\/2014\/10\/bailoterapia01.jpg\" alt=\"bailoterapia01\" width=\"700\" height=\"394\" srcset=\"https:\/\/gadprpijili.gob.ec\/azuay2\/wp-content\/uploads\/2014\/10\/bailoterapia01.jpg 960w, https:\/\/gadprpijili.gob.ec\/azuay2\/wp-content\/uploads\/2014\/10\/bailoterapia01-300x168.jpg 300w\" sizes=\"(max-width: 700px) 100vw, 700px\" \/><\/span><\/p>\n<p style=\"text-align: center;\"><img decoding=\"async\" class=\" size-full wp-image-193\" src=\"http:\/\/gadprpijili.gob.ec\/azuay2\/wp-content\/uploads\/2014\/10\/bailoterapia02.jpg\" alt=\"bailoterapia02\" width=\"700\" height=\"394\" srcset=\"https:\/\/gadprpijili.gob.ec\/azuay2\/wp-content\/uploads\/2014\/10\/bailoterapia02.jpg 960w, https:\/\/gadprpijili.gob.ec\/azuay2\/wp-content\/uploads\/2014\/10\/bailoterapia02-300x168.jpg 300w\" sizes=\"(max-width: 700px) 100vw, 700px\" \/><\/p>\n<p style=\"text-align: center;\"><img decoding=\"async\" class=\" size-full wp-image-194\" src=\"http:\/\/gadprpijili.gob.ec\/azuay2\/wp-content\/uploads\/2014\/10\/bailoterapia03.jpg\" alt=\"bailoterapia03\" width=\"700\" height=\"394\" srcset=\"https:\/\/gadprpijili.gob.ec\/azuay2\/wp-content\/uploads\/2014\/10\/bailoterapia03.jpg 960w, https:\/\/gadprpijili.gob.ec\/azuay2\/wp-content\/uploads\/2014\/10\/bailoterapia03-300x168.jpg 300w\" sizes=\"(max-width: 700px) 100vw, 700px\" \/><\/p>\n<p style=\"text-align: center;\"><img loading=\"lazy\" decoding=\"async\" class=\" size-full wp-image-195\" src=\"http:\/\/gadprpijili.gob.ec\/azuay2\/wp-content\/uploads\/2014\/10\/bailoterapia04.jpg\" alt=\"bailoterapia04\" width=\"700\" height=\"394\" srcset=\"https:\/\/gadprpijili.gob.ec\/azuay2\/wp-content\/uploads\/2014\/10\/bailoterapia04.jpg 960w, https:\/\/gadprpijili.gob.ec\/azuay2\/wp-content\/uploads\/2014\/10\/bailoterapia04-300x168.jpg 300w\" sizes=\"(max-width: 700px) 100vw, 700px\" \/><\/p>\n<p><img loading=\"lazy\" decoding=\"async\" class=\" size-full wp-image-196\" style=\"display: block; margin-left: auto; margin-right: auto;\" src=\"http:\/\/gadprpijili.gob.ec\/azuay2\/wp-content\/uploads\/2014\/10\/bailoterapia05.jpg\" alt=\"bailoterapia05\" width=\"700\" height=\"394\" srcset=\"https:\/\/gadprpijili.gob.ec\/azuay2\/wp-content\/uploads\/2014\/10\/bailoterapia05.jpg 960w, https:\/\/gadprpijili.gob.ec\/azuay2\/wp-content\/uploads\/2014\/10\/bailoterapia05-300x168.jpg 300w\" sizes=\"(max-width: 700px) 100vw, 700px\" \/><\/p>\n","protected":false},"excerpt":{"rendered":"<p>La Prefectura del Azuay, El Cant\u00f3n Camilo Ponce Enr\u00edquez y el Gobierno Parroquial El Carmen de Pijil\u00ed hicieron posible el [&hellip;]<\/p>\n","protected":false},"author":8,"featured_media":192,"comment_status":"closed","ping_status":"closed","sticky":false,"template":"","format":"standard","meta":{"site-sidebar-layout":"default","site-content-layout":"","ast-site-content-layout":"default","site-content-style":"default","site-sidebar-style":"default","ast-global-header-display":"","ast-banner-title-visibility":"","ast-main-header-display":"","ast-hfb-above-header-display":"","ast-hfb-below-header-display":"","ast-hfb-mobile-header-display":"","site-post-title":"","ast-breadcrumbs-content":"","ast-featured-img":"","footer-sml-layout":"","theme-transparent-header-meta":"","adv-header-id-meta":"","stick-header-meta":"","header-above-stick-meta":"","header-main-stick-meta":"","header-below-stick-meta":"","astra-migrate-meta-layouts":"default","ast-page-background-enabled":"default","ast-page-background-meta":{"desktop":{"background-color":"var(--ast-global-color-4)","background-image":"","background-repeat":"repeat","background-position":"center center","background-size":"auto","background-attachment":"scroll","background-type":"","background-media":"","overlay-type":"","overlay-color":"","overlay-opacity":"","overlay-gradient":""},"tablet":{"background-color":"","background-image":"","background-repeat":"repeat","background-position":"center center","background-size":"auto","background-attachment":"scroll","background-type":"","background-media":"","overlay-type":"","overlay-color":"","overlay-opacity":"","overlay-gradient":""},"mobile":{"background-color":"","background-image":"","background-repeat":"repeat","background-position":"center center","background-size":"auto","background-attachment":"scroll","background-type":"","background-media":"","overlay-type":"","overlay-color":"","overlay-opacity":"","overlay-gradient":""}},"ast-content-background-meta":{"desktop":{"background-color":"var(--ast-global-color-5)","background-image":"","background-repeat":"repeat","background-position":"center center","background-size":"auto","background-attachment":"scroll","background-type":"","background-media":"","overlay-type":"","overlay-color":"","overlay-opacity":"","overlay-gradient":""},"tablet":{"background-color":"var(--ast-global-color-5)","background-image":"","background-repeat":"repeat","background-position":"center center","background-size":"auto","background-attachment":"scroll","background-type":"","background-media":"","overlay-type":"","overlay-color":"","overlay-opacity":"","overlay-gradient":""},"mobile":{"background-color":"var(--ast-global-color-5)","background-image":"","background-repeat":"repeat","background-position":"center center","background-size":"auto","background-attachment":"scroll","background-type":"","background-media":"","overlay-type":"","overlay-color":"","overlay-opacity":"","overlay-gradient":""}},"footnotes":""},"categories":[8],"tags":[],"class_list":["post-197","post","type-post","status-publish","format-standard","has-post-thumbnail","hentry","category-c37-ultimas-noticias"],"yoast_head":"<!-- This site is optimized with the Yoast SEO plugin v25.9 - https:\/\/yoast.com\/wordpress\/plugins\/seo\/ -->\n<title>Bailoter\u00e1pia en el centro parroquial -<\/title>\n<meta name=\"robots\" content=\"index, follow, max-snippet:-1, max-image-preview:large, max-video-preview:-1\" \/>\n<link rel=\"canonical\" href=\"https:\/\/gadprpijili.gob.ec\/azuay2\/bailoterapia-en-el-centro-parroquial\/\" \/>\n<meta property=\"og:locale\" content=\"es_ES\" \/>\n<meta property=\"og:type\" content=\"article\" \/>\n<meta property=\"og:title\" content=\"Bailoter\u00e1pia en el centro parroquial -\" \/>\n<meta property=\"og:description\" content=\"La Prefectura del Azuay, El Cant\u00f3n Camilo Ponce Enr\u00edquez y el Gobierno Parroquial El Carmen de Pijil\u00ed hicieron posible el [&hellip;]\" \/>\n<meta property=\"og:url\" content=\"https:\/\/gadprpijili.gob.ec\/azuay2\/bailoterapia-en-el-centro-parroquial\/\" \/>\n<meta property=\"article:published_time\" content=\"2014-10-14T20:02:31+00:00\" \/>\n<meta property=\"og:image\" content=\"https:\/\/gadprpijili.gob.ec\/azuay2\/wp-content\/uploads\/2014\/10\/bailoterapia01.jpg\" \/>\n\t<meta property=\"og:image:width\" content=\"960\" \/>\n\t<meta property=\"og:image:height\" content=\"540\" \/>\n\t<meta property=\"og:image:type\" content=\"image\/jpeg\" \/>\n<meta name=\"author\" content=\"agadprpijili\" \/>\n<meta name=\"twitter:card\" content=\"summary_large_image\" \/>\n<meta name=\"twitter:label1\" content=\"Escrito por\" \/>\n\t<meta name=\"twitter:data1\" content=\"agadprpijili\" \/>\n\t<meta name=\"twitter:label2\" content=\"Tiempo de lectura\" \/>\n\t<meta name=\"twitter:data2\" content=\"1 minuto\" \/>\n<script type=\"application\/ld+json\" class=\"yoast-schema-graph\">{\"@context\":\"https:\/\/schema.org\",\"@graph\":[{\"@type\":\"Article\",\"@id\":\"https:\/\/gadprpijili.gob.ec\/azuay2\/bailoterapia-en-el-centro-parroquial\/#article\",\"isPartOf\":{\"@id\":\"https:\/\/gadprpijili.gob.ec\/azuay2\/bailoterapia-en-el-centro-parroquial\/\"},\"author\":{\"name\":\"agadprpijili\",\"@id\":\"https:\/\/gadprpijili.gob.ec\/azuay2\/#\/schema\/person\/9d5ff597e20ace36205518d77ad399ad\"},\"headline\":\"Bailoter\u00e1pia en el centro parroquial\",\"datePublished\":\"2014-10-14T20:02:31+00:00\",\"mainEntityOfPage\":{\"@id\":\"https:\/\/gadprpijili.gob.ec\/azuay2\/bailoterapia-en-el-centro-parroquial\/\"},\"wordCount\":110,\"publisher\":{\"@id\":\"https:\/\/gadprpijili.gob.ec\/azuay2\/#organization\"},\"image\":{\"@id\":\"https:\/\/gadprpijili.gob.ec\/azuay2\/bailoterapia-en-el-centro-parroquial\/#primaryimage\"},\"thumbnailUrl\":\"https:\/\/gadprpijili.gob.ec\/azuay2\/wp-content\/uploads\/2014\/10\/bailoterapia01.jpg\",\"articleSection\":[\"Ultimas Noticias\"],\"inLanguage\":\"es\"},{\"@type\":\"WebPage\",\"@id\":\"https:\/\/gadprpijili.gob.ec\/azuay2\/bailoterapia-en-el-centro-parroquial\/\",\"url\":\"https:\/\/gadprpijili.gob.ec\/azuay2\/bailoterapia-en-el-centro-parroquial\/\",\"name\":\"Bailoter\u00e1pia en el centro parroquial -\",\"isPartOf\":{\"@id\":\"https:\/\/gadprpijili.gob.ec\/azuay2\/#website\"},\"primaryImageOfPage\":{\"@id\":\"https:\/\/gadprpijili.gob.ec\/azuay2\/bailoterapia-en-el-centro-parroquial\/#primaryimage\"},\"image\":{\"@id\":\"https:\/\/gadprpijili.gob.ec\/azuay2\/bailoterapia-en-el-centro-parroquial\/#primaryimage\"},\"thumbnailUrl\":\"https:\/\/gadprpijili.gob.ec\/azuay2\/wp-content\/uploads\/2014\/10\/bailoterapia01.jpg\",\"datePublished\":\"2014-10-14T20:02:31+00:00\",\"breadcrumb\":{\"@id\":\"https:\/\/gadprpijili.gob.ec\/azuay2\/bailoterapia-en-el-centro-parroquial\/#breadcrumb\"},\"inLanguage\":\"es\",\"potentialAction\":[{\"@type\":\"ReadAction\",\"target\":[\"https:\/\/gadprpijili.gob.ec\/azuay2\/bailoterapia-en-el-centro-parroquial\/\"]}]},{\"@type\":\"ImageObject\",\"inLanguage\":\"es\",\"@id\":\"https:\/\/gadprpijili.gob.ec\/azuay2\/bailoterapia-en-el-centro-parroquial\/#primaryimage\",\"url\":\"https:\/\/gadprpijili.gob.ec\/azuay2\/wp-content\/uploads\/2014\/10\/bailoterapia01.jpg\",\"contentUrl\":\"https:\/\/gadprpijili.gob.ec\/azuay2\/wp-content\/uploads\/2014\/10\/bailoterapia01.jpg\",\"width\":960,\"height\":540,\"caption\":\"bailoterapia01\"},{\"@type\":\"BreadcrumbList\",\"@id\":\"https:\/\/gadprpijili.gob.ec\/azuay2\/bailoterapia-en-el-centro-parroquial\/#breadcrumb\",\"itemListElement\":[{\"@type\":\"ListItem\",\"position\":1,\"name\":\"Home\",\"item\":\"https:\/\/gadprpijili.gob.ec\/azuay2\/\"},{\"@type\":\"ListItem\",\"position\":2,\"name\":\"Bailoter\u00e1pia en el centro parroquial\"}]},{\"@type\":\"WebSite\",\"@id\":\"https:\/\/gadprpijili.gob.ec\/azuay2\/#website\",\"url\":\"https:\/\/gadprpijili.gob.ec\/azuay2\/\",\"name\":\"GAD Parroquial de Pijili\",\"description\":\"Sitio Oficial del GAD Parroquial de Pijili Azuay\",\"publisher\":{\"@id\":\"https:\/\/gadprpijili.gob.ec\/azuay2\/#organization\"},\"potentialAction\":[{\"@type\":\"SearchAction\",\"target\":{\"@type\":\"EntryPoint\",\"urlTemplate\":\"https:\/\/gadprpijili.gob.ec\/azuay2\/?s={search_term_string}\"},\"query-input\":{\"@type\":\"PropertyValueSpecification\",\"valueRequired\":true,\"valueName\":\"search_term_string\"}}],\"inLanguage\":\"es\"},{\"@type\":\"Organization\",\"@id\":\"https:\/\/gadprpijili.gob.ec\/azuay2\/#organization\",\"name\":\"GAD parroquial de Pijili\",\"url\":\"https:\/\/gadprpijili.gob.ec\/azuay2\/\",\"logo\":{\"@type\":\"ImageObject\",\"inLanguage\":\"es\",\"@id\":\"https:\/\/gadprpijili.gob.ec\/azuay2\/#\/schema\/logo\/image\/\",\"url\":\"https:\/\/gadprpijili.gob.ec\/azuay2\/wp-content\/uploads\/2020\/06\/logoFooter.png\",\"contentUrl\":\"https:\/\/gadprpijili.gob.ec\/azuay2\/wp-content\/uploads\/2020\/06\/logoFooter.png\",\"width\":200,\"height\":150,\"caption\":\"GAD parroquial de Pijili\"},\"image\":{\"@id\":\"https:\/\/gadprpijili.gob.ec\/azuay2\/#\/schema\/logo\/image\/\"}},{\"@type\":\"Person\",\"@id\":\"https:\/\/gadprpijili.gob.ec\/azuay2\/#\/schema\/person\/9d5ff597e20ace36205518d77ad399ad\",\"name\":\"agadprpijili\",\"image\":{\"@type\":\"ImageObject\",\"inLanguage\":\"es\",\"@id\":\"https:\/\/gadprpijili.gob.ec\/azuay2\/#\/schema\/person\/image\/\",\"url\":\"https:\/\/secure.gravatar.com\/avatar\/b7ceb8d4252728c0b1d1cd3b9cad0763b9c634e606648daa884e5ee6d60d6ebc?s=96&d=mm&r=g\",\"contentUrl\":\"https:\/\/secure.gravatar.com\/avatar\/b7ceb8d4252728c0b1d1cd3b9cad0763b9c634e606648daa884e5ee6d60d6ebc?s=96&d=mm&r=g\",\"caption\":\"agadprpijili\"},\"url\":\"https:\/\/gadprpijili.gob.ec\/azuay2\/author\/agadprpijili\/\"}]}<\/script>\n<!-- \/ Yoast SEO plugin. -->","yoast_head_json":{"title":"Bailoter\u00e1pia en el centro parroquial -","robots":{"index":"index","follow":"follow","max-snippet":"max-snippet:-1","max-image-preview":"max-image-preview:large","max-video-preview":"max-video-preview:-1"},"canonical":"https:\/\/gadprpijili.gob.ec\/azuay2\/bailoterapia-en-el-centro-parroquial\/","og_locale":"es_ES","og_type":"article","og_title":"Bailoter\u00e1pia en el centro parroquial -","og_description":"La Prefectura del Azuay, El Cant\u00f3n Camilo Ponce Enr\u00edquez y el Gobierno Parroquial El Carmen de Pijil\u00ed hicieron posible el [&hellip;]","og_url":"https:\/\/gadprpijili.gob.ec\/azuay2\/bailoterapia-en-el-centro-parroquial\/","article_published_time":"2014-10-14T20:02:31+00:00","og_image":[{"width":960,"height":540,"url":"https:\/\/gadprpijili.gob.ec\/azuay2\/wp-content\/uploads\/2014\/10\/bailoterapia01.jpg","type":"image\/jpeg"}],"author":"agadprpijili","twitter_card":"summary_large_image","twitter_misc":{"Escrito por":"agadprpijili","Tiempo de lectura":"1 minuto"},"schema":{"@context":"https:\/\/schema.org","@graph":[{"@type":"Article","@id":"https:\/\/gadprpijili.gob.ec\/azuay2\/bailoterapia-en-el-centro-parroquial\/#article","isPartOf":{"@id":"https:\/\/gadprpijili.gob.ec\/azuay2\/bailoterapia-en-el-centro-parroquial\/"},"author":{"name":"agadprpijili","@id":"https:\/\/gadprpijili.gob.ec\/azuay2\/#\/schema\/person\/9d5ff597e20ace36205518d77ad399ad"},"headline":"Bailoter\u00e1pia en el centro parroquial","datePublished":"2014-10-14T20:02:31+00:00","mainEntityOfPage":{"@id":"https:\/\/gadprpijili.gob.ec\/azuay2\/bailoterapia-en-el-centro-parroquial\/"},"wordCount":110,"publisher":{"@id":"https:\/\/gadprpijili.gob.ec\/azuay2\/#organization"},"image":{"@id":"https:\/\/gadprpijili.gob.ec\/azuay2\/bailoterapia-en-el-centro-parroquial\/#primaryimage"},"thumbnailUrl":"https:\/\/gadprpijili.gob.ec\/azuay2\/wp-content\/uploads\/2014\/10\/bailoterapia01.jpg","articleSection":["Ultimas Noticias"],"inLanguage":"es"},{"@type":"WebPage","@id":"https:\/\/gadprpijili.gob.ec\/azuay2\/bailoterapia-en-el-centro-parroquial\/","url":"https:\/\/gadprpijili.gob.ec\/azuay2\/bailoterapia-en-el-centro-parroquial\/","name":"Bailoter\u00e1pia en el centro parroquial -","isPartOf":{"@id":"https:\/\/gadprpijili.gob.ec\/azuay2\/#website"},"primaryImageOfPage":{"@id":"https:\/\/gadprpijili.gob.ec\/azuay2\/bailoterapia-en-el-centro-parroquial\/#primaryimage"},"image":{"@id":"https:\/\/gadprpijili.gob.ec\/azuay2\/bailoterapia-en-el-centro-parroquial\/#primaryimage"},"thumbnailUrl":"https:\/\/gadprpijili.gob.ec\/azuay2\/wp-content\/uploads\/2014\/10\/bailoterapia01.jpg","datePublished":"2014-10-14T20:02:31+00:00","breadcrumb":{"@id":"https:\/\/gadprpijili.gob.ec\/azuay2\/bailoterapia-en-el-centro-parroquial\/#breadcrumb"},"inLanguage":"es","potentialAction":[{"@type":"ReadAction","target":["https:\/\/gadprpijili.gob.ec\/azuay2\/bailoterapia-en-el-centro-parroquial\/"]}]},{"@type":"ImageObject","inLanguage":"es","@id":"https:\/\/gadprpijili.gob.ec\/azuay2\/bailoterapia-en-el-centro-parroquial\/#primaryimage","url":"https:\/\/gadprpijili.gob.ec\/azuay2\/wp-content\/uploads\/2014\/10\/bailoterapia01.jpg","contentUrl":"https:\/\/gadprpijili.gob.ec\/azuay2\/wp-content\/uploads\/2014\/10\/bailoterapia01.jpg","width":960,"height":540,"caption":"bailoterapia01"},{"@type":"BreadcrumbList","@id":"https:\/\/gadprpijili.gob.ec\/azuay2\/bailoterapia-en-el-centro-parroquial\/#breadcrumb","itemListElement":[{"@type":"ListItem","position":1,"name":"Home","item":"https:\/\/gadprpijili.gob.ec\/azuay2\/"},{"@type":"ListItem","position":2,"name":"Bailoter\u00e1pia en el centro parroquial"}]},{"@type":"WebSite","@id":"https:\/\/gadprpijili.gob.ec\/azuay2\/#website","url":"https:\/\/gadprpijili.gob.ec\/azuay2\/","name":"GAD Parroquial de Pijili","description":"Sitio Oficial del GAD Parroquial de Pijili Azuay","publisher":{"@id":"https:\/\/gadprpijili.gob.ec\/azuay2\/#organization"},"potentialAction":[{"@type":"SearchAction","target":{"@type":"EntryPoint","urlTemplate":"https:\/\/gadprpijili.gob.ec\/azuay2\/?s={search_term_string}"},"query-input":{"@type":"PropertyValueSpecification","valueRequired":true,"valueName":"search_term_string"}}],"inLanguage":"es"},{"@type":"Organization","@id":"https:\/\/gadprpijili.gob.ec\/azuay2\/#organization","name":"GAD parroquial de Pijili","url":"https:\/\/gadprpijili.gob.ec\/azuay2\/","logo":{"@type":"ImageObject","inLanguage":"es","@id":"https:\/\/gadprpijili.gob.ec\/azuay2\/#\/schema\/logo\/image\/","url":"https:\/\/gadprpijili.gob.ec\/azuay2\/wp-content\/uploads\/2020\/06\/logoFooter.png","contentUrl":"https:\/\/gadprpijili.gob.ec\/azuay2\/wp-content\/uploads\/2020\/06\/logoFooter.png","width":200,"height":150,"caption":"GAD parroquial de Pijili"},"image":{"@id":"https:\/\/gadprpijili.gob.ec\/azuay2\/#\/schema\/logo\/image\/"}},{"@type":"Person","@id":"https:\/\/gadprpijili.gob.ec\/azuay2\/#\/schema\/person\/9d5ff597e20ace36205518d77ad399ad","name":"agadprpijili","image":{"@type":"ImageObject","inLanguage":"es","@id":"https:\/\/gadprpijili.gob.ec\/azuay2\/#\/schema\/person\/image\/","url":"https:\/\/secure.gravatar.com\/avatar\/b7ceb8d4252728c0b1d1cd3b9cad0763b9c634e606648daa884e5ee6d60d6ebc?s=96&d=mm&r=g","contentUrl":"https:\/\/secure.gravatar.com\/avatar\/b7ceb8d4252728c0b1d1cd3b9cad0763b9c634e606648daa884e5ee6d60d6ebc?s=96&d=mm&r=g","caption":"agadprpijili"},"url":"https:\/\/gadprpijili.gob.ec\/azuay2\/author\/agadprpijili\/"}]}},"_links":{"self":[{"href":"https:\/\/gadprpijili.gob.ec\/azuay2\/wp-json\/wp\/v2\/posts\/197","targetHints":{"allow":["GET"]}}],"collection":[{"href":"https:\/\/gadprpijili.gob.ec\/azuay2\/wp-json\/wp\/v2\/posts"}],"about":[{"href":"https:\/\/gadprpijili.gob.ec\/azuay2\/wp-json\/wp\/v2\/types\/post"}],"author":[{"embeddable":true,"href":"https:\/\/gadprpijili.gob.ec\/azuay2\/wp-json\/wp\/v2\/users\/8"}],"replies":[{"embeddable":true,"href":"https:\/\/gadprpijili.gob.ec\/azuay2\/wp-json\/wp\/v2\/comments?post=197"}],"version-history":[{"count":0,"href":"https:\/\/gadprpijili.gob.ec\/azuay2\/wp-json\/wp\/v2\/posts\/197\/revisions"}],"wp:featuredmedia":[{"embeddable":true,"href":"https:\/\/gadprpijili.gob.ec\/azuay2\/wp-json\/wp\/v2\/media\/192"}],"wp:attachment":[{"href":"https:\/\/gadprpijili.gob.ec\/azuay2\/wp-json\/wp\/v2\/media?parent=197"}],"wp:term":[{"taxonomy":"category","embeddable":true,"href":"https:\/\/gadprpijili.gob.ec\/azuay2\/wp-json\/wp\/v2\/categories?post=197"},{"taxonomy":"post_tag","embeddable":true,"href":"https:\/\/gadprpijili.gob.ec\/azuay2\/wp-json\/wp\/v2\/tags?post=197"}],"curies":[{"name":"wp","href":"https:\/\/api.w.org\/{rel}","templated":true}]}}