{"id":203,"date":"2014-10-23T16:07:58","date_gmt":"2014-10-23T20:07:58","guid":{"rendered":"http:\/\/gadprpijili.gob.ec\/azuay2\/?p=203"},"modified":"2014-10-23T16:07:58","modified_gmt":"2014-10-23T20:07:58","slug":"reunion-con-el-alcalde","status":"publish","type":"post","link":"https:\/\/gadprpijili.gob.ec\/azuay2\/reunion-con-el-alcalde\/","title":{"rendered":"Reuni\u00f3n con el Alcalde"},"content":{"rendered":"<p><span style=\"font-size: 11pt; line-height: 107%; font-family: Calibri, sans-serif;\"><img fetchpriority=\"high\" decoding=\"async\" class=\" size-full wp-image-198\" style=\"display: block; margin-left: auto; margin-right: auto;\" src=\"http:\/\/gadprpijili.gob.ec\/azuay2\/wp-content\/uploads\/2014\/10\/alcalde01.jpg\" alt=\"alcalde01\" width=\"650\" height=\"366\" srcset=\"https:\/\/gadprpijili.gob.ec\/azuay2\/wp-content\/uploads\/2014\/10\/alcalde01.jpg 1032w, https:\/\/gadprpijili.gob.ec\/azuay2\/wp-content\/uploads\/2014\/10\/alcalde01-300x168.jpg 300w, https:\/\/gadprpijili.gob.ec\/azuay2\/wp-content\/uploads\/2014\/10\/alcalde01-1024x576.jpg 1024w\" sizes=\"(max-width: 650px) 100vw, 650px\" \/><\/span><\/p>\n<p style=\"text-align: justify;\"><span style=\"font-size: 11pt; line-height: 107%; font-family: Calibri, sans-serif;\">Alcalde de Ponce Enr\u00edquez recibe apoyo de la parroquia Pijil\u00ed en la defensa de los l\u00edmites del cant\u00f3n. Con fuertes aplausos y palabras de apoyo, los habitantes <span class=\"textexposedshow\">de la parroquia El Carmen de Pijil\u00ed respaldaron la tesis del alcalde de Camilo Ponce Enr\u00edquez, Manuel Espinoza, de no permitir la realizaci\u00f3n de una consulta popular en la parroquia, debido a que \u00e9sta vulnerar\u00eda la Ley de Creaci\u00f3n del Cant\u00f3n que desde la fecha de su vigencia remedi\u00f3 los conflictos lim\u00edtrofes de esta jurisdicci\u00f3n con otros cantones.<\/span><\/span><\/p>\n<p style=\"text-align: justify;\">&nbsp;<\/p>\n<p><span style=\"font-size: 11pt; line-height: 107%; font-family: Calibri, sans-serif;\"><img decoding=\"async\" class=\" size-full wp-image-199\" style=\"display: block; margin-left: auto; margin-right: auto;\" src=\"http:\/\/gadprpijili.gob.ec\/azuay2\/wp-content\/uploads\/2014\/10\/alcalde02.jpg\" alt=\"alcalde02\" width=\"650\" height=\"366\" srcset=\"https:\/\/gadprpijili.gob.ec\/azuay2\/wp-content\/uploads\/2014\/10\/alcalde02.jpg 1032w, https:\/\/gadprpijili.gob.ec\/azuay2\/wp-content\/uploads\/2014\/10\/alcalde02-300x168.jpg 300w, https:\/\/gadprpijili.gob.ec\/azuay2\/wp-content\/uploads\/2014\/10\/alcalde02-1024x576.jpg 1024w\" sizes=\"(max-width: 650px) 100vw, 650px\" \/><br \/> <span class=\"textexposedshow\">En el acto que se realiz\u00f3 en la casa de la Junta Parroquial, Espinoza, repudi\u00f3 la actitud del alcalde de Santa Isabel por la intervenci\u00f3n arbitraria a Pijil\u00ed y otros sectores como \u201cLa Florida\u201d con la donaci\u00f3n de materiales de construcci\u00f3n y arreglo de calles, al paso de informar que a trav\u00e9s de la Gobernaci\u00f3n del Azuay, exhort\u00f3 a la Contralor\u00eda General del Estado dictar las sanciones respectivas por el funcionamiento de maquinaria de Santa Isabel en territorio ponce\u00f1o.<\/span><br \/> <span class=\"textexposedshow\">Por su parte el presidente de la Junta Parroquial, Marcelo V\u00e1squez, expres\u00f3 su respaldo al alcalde Manuel Espinoza en la defensa de los l\u00edmites del cant\u00f3n y solicit\u00f3 el arreglo vial en los tramos Pahuancay-Mangan y Negrillal-Pijil\u00ed Chico-Palmas, para evitar que en esos sectores incursione maquinaria se Santa Isabel, pedido que tuvo el visto bueno del burgomaestre.<\/span><\/span><\/p>\n<p>&nbsp;<\/p>\n<p><span style=\"font-size: 11pt; line-height: 107%; font-family: Calibri, sans-serif;\"><img decoding=\"async\" class=\" size-full wp-image-200\" style=\"display: block; margin-left: auto; margin-right: auto;\" src=\"http:\/\/gadprpijili.gob.ec\/azuay2\/wp-content\/uploads\/2014\/10\/alcalde03.jpg\" alt=\"alcalde03\" width=\"650\" height=\"366\" srcset=\"https:\/\/gadprpijili.gob.ec\/azuay2\/wp-content\/uploads\/2014\/10\/alcalde03.jpg 1032w, https:\/\/gadprpijili.gob.ec\/azuay2\/wp-content\/uploads\/2014\/10\/alcalde03-300x168.jpg 300w, https:\/\/gadprpijili.gob.ec\/azuay2\/wp-content\/uploads\/2014\/10\/alcalde03-1024x576.jpg 1024w\" sizes=\"(max-width: 650px) 100vw, 650px\" \/><br \/> <span class=\"textexposedshow\">Seg\u00fan el informe jur\u00eddico de la instituci\u00f3n municipal, \u201cla Ley Nro. 2002-064 publicada en el Suplemento del Registro Oficial. 544 del 28 de marzo del 2002 de creaci\u00f3n del cant\u00f3n Camilo Ponce Enr\u00edquez que fue aprobada por el Congreso Nacional el 16 de julio de 1996, resolvi\u00f3 los diferendos lim\u00edtrofes con sus colindantes y adem\u00e1s se encuentra en plena vigencia, pues no ha sido materia de modificaci\u00f3n ni derogatoria por otra ley de similar jerarqu\u00eda, puesto que nadie ha solicitado a la fecha declaratoria de inconstitucionalidad de dicha norma, que es la f\u00f3rmula para declarar que la misma tendr\u00eda defectos de fondo o de forma, por parte del \u00fanico \u00f3rgano con dicha potestad que es la Corte Constitucional\u201d<\/span><\/span><\/p>\n<p>&nbsp;<\/p>\n<p><span style=\"font-size: 11pt; line-height: 107%; font-family: Calibri, sans-serif;\"><span class=\"textexposedshow\"><img loading=\"lazy\" decoding=\"async\" class=\" size-full wp-image-201\" style=\"display: block; margin-left: auto; margin-right: auto;\" src=\"http:\/\/gadprpijili.gob.ec\/azuay2\/wp-content\/uploads\/2014\/10\/alcalde04.jpg\" alt=\"alcalde04\" width=\"650\" height=\"366\" srcset=\"https:\/\/gadprpijili.gob.ec\/azuay2\/wp-content\/uploads\/2014\/10\/alcalde04.jpg 1032w, https:\/\/gadprpijili.gob.ec\/azuay2\/wp-content\/uploads\/2014\/10\/alcalde04-300x168.jpg 300w, https:\/\/gadprpijili.gob.ec\/azuay2\/wp-content\/uploads\/2014\/10\/alcalde04-1024x576.jpg 1024w\" sizes=\"(max-width: 650px) 100vw, 650px\" \/><\/span><\/span><\/p>\n<p>&nbsp;<\/p>\n<p>&nbsp;<\/p>\n<p>&nbsp;<\/p>\n<p style=\"text-align: center;\"><img loading=\"lazy\" decoding=\"async\" class=\" size-full wp-image-202\" src=\"http:\/\/gadprpijili.gob.ec\/azuay2\/wp-content\/uploads\/2014\/10\/alcalde05.jpg\" alt=\"alcalde05\" width=\"650\" height=\"366\" srcset=\"https:\/\/gadprpijili.gob.ec\/azuay2\/wp-content\/uploads\/2014\/10\/alcalde05.jpg 1032w, https:\/\/gadprpijili.gob.ec\/azuay2\/wp-content\/uploads\/2014\/10\/alcalde05-300x168.jpg 300w, https:\/\/gadprpijili.gob.ec\/azuay2\/wp-content\/uploads\/2014\/10\/alcalde05-1024x576.jpg 1024w\" sizes=\"(max-width: 650px) 100vw, 650px\" \/><\/p>\n<p style=\"text-align: justify;\">&nbsp;<\/p>\n","protected":false},"excerpt":{"rendered":"<p>Alcalde de Ponce Enr\u00edquez recibe apoyo de la parroquia Pijil\u00ed en la defensa de los l\u00edmites del cant\u00f3n. Con fuertes [&hellip;]<\/p>\n","protected":false},"author":8,"featured_media":198,"comment_status":"closed","ping_status":"closed","sticky":false,"template":"","format":"standard","meta":{"site-sidebar-layout":"default","site-content-layout":"","ast-site-content-layout":"default","site-content-style":"default","site-sidebar-style":"default","ast-global-header-display":"","ast-banner-title-visibility":"","ast-main-header-display":"","ast-hfb-above-header-display":"","ast-hfb-below-header-display":"","ast-hfb-mobile-header-display":"","site-post-title":"","ast-breadcrumbs-content":"","ast-featured-img":"","footer-sml-layout":"","theme-transparent-header-meta":"","adv-header-id-meta":"","stick-header-meta":"","header-above-stick-meta":"","header-main-stick-meta":"","header-below-stick-meta":"","astra-migrate-meta-layouts":"default","ast-page-background-enabled":"default","ast-page-background-meta":{"desktop":{"background-color":"var(--ast-global-color-4)","background-image":"","background-repeat":"repeat","background-position":"center center","background-size":"auto","background-attachment":"scroll","background-type":"","background-media":"","overlay-type":"","overlay-color":"","overlay-opacity":"","overlay-gradient":""},"tablet":{"background-color":"","background-image":"","background-repeat":"repeat","background-position":"center center","background-size":"auto","background-attachment":"scroll","background-type":"","background-media":"","overlay-type":"","overlay-color":"","overlay-opacity":"","overlay-gradient":""},"mobile":{"background-color":"","background-image":"","background-repeat":"repeat","background-position":"center center","background-size":"auto","background-attachment":"scroll","background-type":"","background-media":"","overlay-type":"","overlay-color":"","overlay-opacity":"","overlay-gradient":""}},"ast-content-background-meta":{"desktop":{"background-color":"var(--ast-global-color-5)","background-image":"","background-repeat":"repeat","background-position":"center center","background-size":"auto","background-attachment":"scroll","background-type":"","background-media":"","overlay-type":"","overlay-color":"","overlay-opacity":"","overlay-gradient":""},"tablet":{"background-color":"var(--ast-global-color-5)","background-image":"","background-repeat":"repeat","background-position":"center center","background-size":"auto","background-attachment":"scroll","background-type":"","background-media":"","overlay-type":"","overlay-color":"","overlay-opacity":"","overlay-gradient":""},"mobile":{"background-color":"var(--ast-global-color-5)","background-image":"","background-repeat":"repeat","background-position":"center center","background-size":"auto","background-attachment":"scroll","background-type":"","background-media":"","overlay-type":"","overlay-color":"","overlay-opacity":"","overlay-gradient":""}},"footnotes":""},"categories":[8],"tags":[],"class_list":["post-203","post","type-post","status-publish","format-standard","has-post-thumbnail","hentry","category-c37-ultimas-noticias"],"yoast_head":"<!-- This site is optimized with the Yoast SEO plugin v25.9 - https:\/\/yoast.com\/wordpress\/plugins\/seo\/ -->\n<title>Reuni\u00f3n con el Alcalde -<\/title>\n<meta name=\"robots\" content=\"index, follow, max-snippet:-1, max-image-preview:large, max-video-preview:-1\" \/>\n<link rel=\"canonical\" href=\"https:\/\/gadprpijili.gob.ec\/azuay2\/reunion-con-el-alcalde\/\" \/>\n<meta property=\"og:locale\" content=\"es_ES\" \/>\n<meta property=\"og:type\" content=\"article\" \/>\n<meta property=\"og:title\" content=\"Reuni\u00f3n con el Alcalde -\" \/>\n<meta property=\"og:description\" content=\"Alcalde de Ponce Enr\u00edquez recibe apoyo de la parroquia Pijil\u00ed en la defensa de los l\u00edmites del cant\u00f3n. Con fuertes [&hellip;]\" \/>\n<meta property=\"og:url\" content=\"https:\/\/gadprpijili.gob.ec\/azuay2\/reunion-con-el-alcalde\/\" \/>\n<meta property=\"article:published_time\" content=\"2014-10-23T20:07:58+00:00\" \/>\n<meta property=\"og:image\" content=\"https:\/\/gadprpijili.gob.ec\/azuay2\/wp-content\/uploads\/2014\/10\/alcalde01.jpg\" \/>\n\t<meta property=\"og:image:width\" content=\"1032\" \/>\n\t<meta property=\"og:image:height\" content=\"581\" \/>\n\t<meta property=\"og:image:type\" content=\"image\/jpeg\" \/>\n<meta name=\"author\" content=\"agadprpijili\" \/>\n<meta name=\"twitter:card\" content=\"summary_large_image\" \/>\n<meta name=\"twitter:label1\" content=\"Escrito por\" \/>\n\t<meta name=\"twitter:data1\" content=\"agadprpijili\" \/>\n\t<meta name=\"twitter:label2\" content=\"Tiempo de lectura\" \/>\n\t<meta name=\"twitter:data2\" content=\"2 minutos\" \/>\n<script type=\"application\/ld+json\" class=\"yoast-schema-graph\">{\"@context\":\"https:\/\/schema.org\",\"@graph\":[{\"@type\":\"Article\",\"@id\":\"https:\/\/gadprpijili.gob.ec\/azuay2\/reunion-con-el-alcalde\/#article\",\"isPartOf\":{\"@id\":\"https:\/\/gadprpijili.gob.ec\/azuay2\/reunion-con-el-alcalde\/\"},\"author\":{\"name\":\"agadprpijili\",\"@id\":\"https:\/\/gadprpijili.gob.ec\/azuay2\/#\/schema\/person\/9d5ff597e20ace36205518d77ad399ad\"},\"headline\":\"Reuni\u00f3n con el Alcalde\",\"datePublished\":\"2014-10-23T20:07:58+00:00\",\"mainEntityOfPage\":{\"@id\":\"https:\/\/gadprpijili.gob.ec\/azuay2\/reunion-con-el-alcalde\/\"},\"wordCount\":378,\"publisher\":{\"@id\":\"https:\/\/gadprpijili.gob.ec\/azuay2\/#organization\"},\"image\":{\"@id\":\"https:\/\/gadprpijili.gob.ec\/azuay2\/reunion-con-el-alcalde\/#primaryimage\"},\"thumbnailUrl\":\"https:\/\/gadprpijili.gob.ec\/azuay2\/wp-content\/uploads\/2014\/10\/alcalde01.jpg\",\"articleSection\":[\"Ultimas Noticias\"],\"inLanguage\":\"es\"},{\"@type\":\"WebPage\",\"@id\":\"https:\/\/gadprpijili.gob.ec\/azuay2\/reunion-con-el-alcalde\/\",\"url\":\"https:\/\/gadprpijili.gob.ec\/azuay2\/reunion-con-el-alcalde\/\",\"name\":\"Reuni\u00f3n con el Alcalde -\",\"isPartOf\":{\"@id\":\"https:\/\/gadprpijili.gob.ec\/azuay2\/#website\"},\"primaryImageOfPage\":{\"@id\":\"https:\/\/gadprpijili.gob.ec\/azuay2\/reunion-con-el-alcalde\/#primaryimage\"},\"image\":{\"@id\":\"https:\/\/gadprpijili.gob.ec\/azuay2\/reunion-con-el-alcalde\/#primaryimage\"},\"thumbnailUrl\":\"https:\/\/gadprpijili.gob.ec\/azuay2\/wp-content\/uploads\/2014\/10\/alcalde01.jpg\",\"datePublished\":\"2014-10-23T20:07:58+00:00\",\"breadcrumb\":{\"@id\":\"https:\/\/gadprpijili.gob.ec\/azuay2\/reunion-con-el-alcalde\/#breadcrumb\"},\"inLanguage\":\"es\",\"potentialAction\":[{\"@type\":\"ReadAction\",\"target\":[\"https:\/\/gadprpijili.gob.ec\/azuay2\/reunion-con-el-alcalde\/\"]}]},{\"@type\":\"ImageObject\",\"inLanguage\":\"es\",\"@id\":\"https:\/\/gadprpijili.gob.ec\/azuay2\/reunion-con-el-alcalde\/#primaryimage\",\"url\":\"https:\/\/gadprpijili.gob.ec\/azuay2\/wp-content\/uploads\/2014\/10\/alcalde01.jpg\",\"contentUrl\":\"https:\/\/gadprpijili.gob.ec\/azuay2\/wp-content\/uploads\/2014\/10\/alcalde01.jpg\",\"width\":1032,\"height\":581,\"caption\":\"alcalde01\"},{\"@type\":\"BreadcrumbList\",\"@id\":\"https:\/\/gadprpijili.gob.ec\/azuay2\/reunion-con-el-alcalde\/#breadcrumb\",\"itemListElement\":[{\"@type\":\"ListItem\",\"position\":1,\"name\":\"Home\",\"item\":\"https:\/\/gadprpijili.gob.ec\/azuay2\/\"},{\"@type\":\"ListItem\",\"position\":2,\"name\":\"Reuni\u00f3n con el Alcalde\"}]},{\"@type\":\"WebSite\",\"@id\":\"https:\/\/gadprpijili.gob.ec\/azuay2\/#website\",\"url\":\"https:\/\/gadprpijili.gob.ec\/azuay2\/\",\"name\":\"GAD Parroquial de Pijili\",\"description\":\"Sitio Oficial del GAD Parroquial de Pijili Azuay\",\"publisher\":{\"@id\":\"https:\/\/gadprpijili.gob.ec\/azuay2\/#organization\"},\"potentialAction\":[{\"@type\":\"SearchAction\",\"target\":{\"@type\":\"EntryPoint\",\"urlTemplate\":\"https:\/\/gadprpijili.gob.ec\/azuay2\/?s={search_term_string}\"},\"query-input\":{\"@type\":\"PropertyValueSpecification\",\"valueRequired\":true,\"valueName\":\"search_term_string\"}}],\"inLanguage\":\"es\"},{\"@type\":\"Organization\",\"@id\":\"https:\/\/gadprpijili.gob.ec\/azuay2\/#organization\",\"name\":\"GAD parroquial de Pijili\",\"url\":\"https:\/\/gadprpijili.gob.ec\/azuay2\/\",\"logo\":{\"@type\":\"ImageObject\",\"inLanguage\":\"es\",\"@id\":\"https:\/\/gadprpijili.gob.ec\/azuay2\/#\/schema\/logo\/image\/\",\"url\":\"https:\/\/gadprpijili.gob.ec\/azuay2\/wp-content\/uploads\/2020\/06\/logoFooter.png\",\"contentUrl\":\"https:\/\/gadprpijili.gob.ec\/azuay2\/wp-content\/uploads\/2020\/06\/logoFooter.png\",\"width\":200,\"height\":150,\"caption\":\"GAD parroquial de Pijili\"},\"image\":{\"@id\":\"https:\/\/gadprpijili.gob.ec\/azuay2\/#\/schema\/logo\/image\/\"}},{\"@type\":\"Person\",\"@id\":\"https:\/\/gadprpijili.gob.ec\/azuay2\/#\/schema\/person\/9d5ff597e20ace36205518d77ad399ad\",\"name\":\"agadprpijili\",\"image\":{\"@type\":\"ImageObject\",\"inLanguage\":\"es\",\"@id\":\"https:\/\/gadprpijili.gob.ec\/azuay2\/#\/schema\/person\/image\/\",\"url\":\"https:\/\/secure.gravatar.com\/avatar\/b7ceb8d4252728c0b1d1cd3b9cad0763b9c634e606648daa884e5ee6d60d6ebc?s=96&d=mm&r=g\",\"contentUrl\":\"https:\/\/secure.gravatar.com\/avatar\/b7ceb8d4252728c0b1d1cd3b9cad0763b9c634e606648daa884e5ee6d60d6ebc?s=96&d=mm&r=g\",\"caption\":\"agadprpijili\"},\"url\":\"https:\/\/gadprpijili.gob.ec\/azuay2\/author\/agadprpijili\/\"}]}<\/script>\n<!-- \/ Yoast SEO plugin. -->","yoast_head_json":{"title":"Reuni\u00f3n con el Alcalde -","robots":{"index":"index","follow":"follow","max-snippet":"max-snippet:-1","max-image-preview":"max-image-preview:large","max-video-preview":"max-video-preview:-1"},"canonical":"https:\/\/gadprpijili.gob.ec\/azuay2\/reunion-con-el-alcalde\/","og_locale":"es_ES","og_type":"article","og_title":"Reuni\u00f3n con el Alcalde -","og_description":"Alcalde de Ponce Enr\u00edquez recibe apoyo de la parroquia Pijil\u00ed en la defensa de los l\u00edmites del cant\u00f3n. Con fuertes [&hellip;]","og_url":"https:\/\/gadprpijili.gob.ec\/azuay2\/reunion-con-el-alcalde\/","article_published_time":"2014-10-23T20:07:58+00:00","og_image":[{"width":1032,"height":581,"url":"https:\/\/gadprpijili.gob.ec\/azuay2\/wp-content\/uploads\/2014\/10\/alcalde01.jpg","type":"image\/jpeg"}],"author":"agadprpijili","twitter_card":"summary_large_image","twitter_misc":{"Escrito por":"agadprpijili","Tiempo de lectura":"2 minutos"},"schema":{"@context":"https:\/\/schema.org","@graph":[{"@type":"Article","@id":"https:\/\/gadprpijili.gob.ec\/azuay2\/reunion-con-el-alcalde\/#article","isPartOf":{"@id":"https:\/\/gadprpijili.gob.ec\/azuay2\/reunion-con-el-alcalde\/"},"author":{"name":"agadprpijili","@id":"https:\/\/gadprpijili.gob.ec\/azuay2\/#\/schema\/person\/9d5ff597e20ace36205518d77ad399ad"},"headline":"Reuni\u00f3n con el Alcalde","datePublished":"2014-10-23T20:07:58+00:00","mainEntityOfPage":{"@id":"https:\/\/gadprpijili.gob.ec\/azuay2\/reunion-con-el-alcalde\/"},"wordCount":378,"publisher":{"@id":"https:\/\/gadprpijili.gob.ec\/azuay2\/#organization"},"image":{"@id":"https:\/\/gadprpijili.gob.ec\/azuay2\/reunion-con-el-alcalde\/#primaryimage"},"thumbnailUrl":"https:\/\/gadprpijili.gob.ec\/azuay2\/wp-content\/uploads\/2014\/10\/alcalde01.jpg","articleSection":["Ultimas Noticias"],"inLanguage":"es"},{"@type":"WebPage","@id":"https:\/\/gadprpijili.gob.ec\/azuay2\/reunion-con-el-alcalde\/","url":"https:\/\/gadprpijili.gob.ec\/azuay2\/reunion-con-el-alcalde\/","name":"Reuni\u00f3n con el Alcalde -","isPartOf":{"@id":"https:\/\/gadprpijili.gob.ec\/azuay2\/#website"},"primaryImageOfPage":{"@id":"https:\/\/gadprpijili.gob.ec\/azuay2\/reunion-con-el-alcalde\/#primaryimage"},"image":{"@id":"https:\/\/gadprpijili.gob.ec\/azuay2\/reunion-con-el-alcalde\/#primaryimage"},"thumbnailUrl":"https:\/\/gadprpijili.gob.ec\/azuay2\/wp-content\/uploads\/2014\/10\/alcalde01.jpg","datePublished":"2014-10-23T20:07:58+00:00","breadcrumb":{"@id":"https:\/\/gadprpijili.gob.ec\/azuay2\/reunion-con-el-alcalde\/#breadcrumb"},"inLanguage":"es","potentialAction":[{"@type":"ReadAction","target":["https:\/\/gadprpijili.gob.ec\/azuay2\/reunion-con-el-alcalde\/"]}]},{"@type":"ImageObject","inLanguage":"es","@id":"https:\/\/gadprpijili.gob.ec\/azuay2\/reunion-con-el-alcalde\/#primaryimage","url":"https:\/\/gadprpijili.gob.ec\/azuay2\/wp-content\/uploads\/2014\/10\/alcalde01.jpg","contentUrl":"https:\/\/gadprpijili.gob.ec\/azuay2\/wp-content\/uploads\/2014\/10\/alcalde01.jpg","width":1032,"height":581,"caption":"alcalde01"},{"@type":"BreadcrumbList","@id":"https:\/\/gadprpijili.gob.ec\/azuay2\/reunion-con-el-alcalde\/#breadcrumb","itemListElement":[{"@type":"ListItem","position":1,"name":"Home","item":"https:\/\/gadprpijili.gob.ec\/azuay2\/"},{"@type":"ListItem","position":2,"name":"Reuni\u00f3n con el Alcalde"}]},{"@type":"WebSite","@id":"https:\/\/gadprpijili.gob.ec\/azuay2\/#website","url":"https:\/\/gadprpijili.gob.ec\/azuay2\/","name":"GAD Parroquial de Pijili","description":"Sitio Oficial del GAD Parroquial de Pijili Azuay","publisher":{"@id":"https:\/\/gadprpijili.gob.ec\/azuay2\/#organization"},"potentialAction":[{"@type":"SearchAction","target":{"@type":"EntryPoint","urlTemplate":"https:\/\/gadprpijili.gob.ec\/azuay2\/?s={search_term_string}"},"query-input":{"@type":"PropertyValueSpecification","valueRequired":true,"valueName":"search_term_string"}}],"inLanguage":"es"},{"@type":"Organization","@id":"https:\/\/gadprpijili.gob.ec\/azuay2\/#organization","name":"GAD parroquial de Pijili","url":"https:\/\/gadprpijili.gob.ec\/azuay2\/","logo":{"@type":"ImageObject","inLanguage":"es","@id":"https:\/\/gadprpijili.gob.ec\/azuay2\/#\/schema\/logo\/image\/","url":"https:\/\/gadprpijili.gob.ec\/azuay2\/wp-content\/uploads\/2020\/06\/logoFooter.png","contentUrl":"https:\/\/gadprpijili.gob.ec\/azuay2\/wp-content\/uploads\/2020\/06\/logoFooter.png","width":200,"height":150,"caption":"GAD parroquial de Pijili"},"image":{"@id":"https:\/\/gadprpijili.gob.ec\/azuay2\/#\/schema\/logo\/image\/"}},{"@type":"Person","@id":"https:\/\/gadprpijili.gob.ec\/azuay2\/#\/schema\/person\/9d5ff597e20ace36205518d77ad399ad","name":"agadprpijili","image":{"@type":"ImageObject","inLanguage":"es","@id":"https:\/\/gadprpijili.gob.ec\/azuay2\/#\/schema\/person\/image\/","url":"https:\/\/secure.gravatar.com\/avatar\/b7ceb8d4252728c0b1d1cd3b9cad0763b9c634e606648daa884e5ee6d60d6ebc?s=96&d=mm&r=g","contentUrl":"https:\/\/secure.gravatar.com\/avatar\/b7ceb8d4252728c0b1d1cd3b9cad0763b9c634e606648daa884e5ee6d60d6ebc?s=96&d=mm&r=g","caption":"agadprpijili"},"url":"https:\/\/gadprpijili.gob.ec\/azuay2\/author\/agadprpijili\/"}]}},"_links":{"self":[{"href":"https:\/\/gadprpijili.gob.ec\/azuay2\/wp-json\/wp\/v2\/posts\/203","targetHints":{"allow":["GET"]}}],"collection":[{"href":"https:\/\/gadprpijili.gob.ec\/azuay2\/wp-json\/wp\/v2\/posts"}],"about":[{"href":"https:\/\/gadprpijili.gob.ec\/azuay2\/wp-json\/wp\/v2\/types\/post"}],"author":[{"embeddable":true,"href":"https:\/\/gadprpijili.gob.ec\/azuay2\/wp-json\/wp\/v2\/users\/8"}],"replies":[{"embeddable":true,"href":"https:\/\/gadprpijili.gob.ec\/azuay2\/wp-json\/wp\/v2\/comments?post=203"}],"version-history":[{"count":0,"href":"https:\/\/gadprpijili.gob.ec\/azuay2\/wp-json\/wp\/v2\/posts\/203\/revisions"}],"wp:featuredmedia":[{"embeddable":true,"href":"https:\/\/gadprpijili.gob.ec\/azuay2\/wp-json\/wp\/v2\/media\/198"}],"wp:attachment":[{"href":"https:\/\/gadprpijili.gob.ec\/azuay2\/wp-json\/wp\/v2\/media?parent=203"}],"wp:term":[{"taxonomy":"category","embeddable":true,"href":"https:\/\/gadprpijili.gob.ec\/azuay2\/wp-json\/wp\/v2\/categories?post=203"},{"taxonomy":"post_tag","embeddable":true,"href":"https:\/\/gadprpijili.gob.ec\/azuay2\/wp-json\/wp\/v2\/tags?post=203"}],"curies":[{"name":"wp","href":"https:\/\/api.w.org\/{rel}","templated":true}]}}